{"id":347631,"date":"2025-08-27T13:09:10","date_gmt":"2025-08-27T13:09:10","guid":{"rendered":"https:\/\/www.europesays.com\/fr\/347631\/"},"modified":"2025-08-27T13:09:10","modified_gmt":"2025-08-27T13:09:10","slug":"madonna-fete-ses-jumelles-et-les-labubus-la-famille-royale-britannique-felicite-taylor-swift-pour-ses-fiancailles","status":"publish","type":"post","link":"https:\/\/www.europesays.com\/fr\/347631\/","title":{"rendered":"Madonna f\u00eate ses jumelles et les Labubus\u2026 La famille royale britannique f\u00e9licite Taylor Swift pour ses fian\u00e7ailles\u2026"},"content":{"rendered":"<p>Mohamed Bouhafsi se blesse \u00e0 la main avant la rentr\u00e9e<\/p>\n<p>\u00c0 quelques jours de sa rentr\u00e9e sur France 5, aux commandes de <a href=\"https:\/\/www.20minutes.fr\/arts-stars\/television\/4162140-20250705-mohamed-bouhafsi-quitte-rtl-assurer-remplacement-anne-elisabeth-lemoine-presentation\" target=\"_blank\" class=\"c-link c-link--is-underlined\" rel=\"nofollow noopener\">C \u00e0 vous<\/a> week-end, Mohamed Bouhafsi a rendu petite visite \u00e0 l\u2019h\u00f4pital, comme en t\u00e9moigne une photo qu\u2019il a post\u00e9e sur Instagram. En charlotte et blouse bleue, il porte sa main dont deux doigts sont dans un bandage, et le soutenu par une \u00e9charpe.<\/p>\n<p>Le <a href=\"https:\/\/www.20minutes.fr\/arts-stars\/television\/4098279-20240626-chroniqueur-mohamed-bouhafsi-revele-avoir-recu-messages-racistes-instagram\" target=\"_blank\" class=\"c-link c-link--is-underlined\" rel=\"nofollow noopener\">journaliste de 33 ans<\/a> s\u2019est visiblement bless\u00e9. \u00ab\u00a0On a quand m\u00eame les meilleurs soignants du monde\u2026 Merci \u00e0 tous les soignants de la clinique des Peupliers pour leur bienveillance ce matin en urgence et plus particuli\u00e8rement au docteur R., fan de C \u00e0 vous\u00a0\u00bb a indiqu\u00e9 celui qui est finalement tomb\u00e9 entre de bonnes mains.<\/p>\n<p>Madonna a f\u00eat\u00e9 les 13 ans de ses jumelles sur le th\u00e8me des Labubus<\/p>\n<p>Des f\u00e9licitations royales pour les fian\u00e7ailles de Taylor Swift et Travis Kelce<\/p>\n<p>La nouvelle a vite fait le tour du monde\u00a0: <a href=\"https:\/\/www.20minutes.fr\/arts-stars\/people\/4169680-20250826-taylor-swift-annonce-va-marier-star-football-americain-travis-kelce\" target=\"_blank\" class=\"c-link c-link--is-underlined\" rel=\"nofollow noopener\">Taylor Swift va se marier<\/a>\u00a0! Et, de Kensington Palace \u00e0 Montecito, on se r\u00e9jouit pour l\u2019interpr\u00e8te de Cruel Summer et le joueur de football am\u00e9ricain\u00a0!<\/p>\n<p>Ainsi le <a href=\"https:\/\/www.instagram.com\/p\/DN02niAXMM-\/?img_index=1\" rel=\"nofollow noopener\" target=\"_blank\" class=\"c-link c-link--is-underlined\">post<\/a> de Taylor Swift par lequel la star annonce la bonne nouvelle a re\u00e7u des millions de likes en quelques heures, dont celui du compte officiel de la princesse et du prince de Galles, mais aussi de Meghan Markle. Rien d\u2019\u00e9tonnant quand on sait que le prince William et ses deux a\u00een\u00e9s, George et Charlotte, <a href=\"https:\/\/www.20minutes.fr\/arts-stars\/people\/4097577-20240622-prince-william-enfants-eclatent-concert-taylor-swift-londres\" target=\"_blank\" class=\"c-link c-link--is-underlined\" rel=\"nofollow noopener\">sont d\u00e9j\u00e0 all\u00e9s voir la star en concert<\/a> et ont pris un selfie avec elle.<\/p>\n<p><script async src=\"\/\/www.instagram.com\/embed.js\"><\/script><\/p>\n","protected":false},"excerpt":{"rendered":"Mohamed Bouhafsi se blesse \u00e0 la main avant la rentr\u00e9e \u00c0 quelques jours de sa rentr\u00e9e sur France&hellip;\n","protected":false},"author":2,"featured_media":347632,"comment_status":"","ping_status":"","sticky":false,"template":"","format":"standard","meta":{"footnotes":""},"categories":[1359],"tags":[5632,58,59,2702,1011,27,5858,6239,908,973,3936,2713,133],"class_list":{"0":"post-347631","1":"post","2":"type-post","3":"status-publish","4":"format-standard","5":"has-post-thumbnail","7":"category-people","8":"tag-c-a-vous","9":"tag-divertissement","10":"tag-entertainment","11":"tag-fil-des-stars","12":"tag-fr","13":"tag-france","14":"tag-kate-middleton","15":"tag-madonna","16":"tag-meghan-markle","17":"tag-people","18":"tag-prince-william","19":"tag-taylor-swift","20":"tag-video"},"share_on_mastodon":{"url":"https:\/\/pubeurope.com\/@fr\/115100894113194922","error":""},"_links":{"self":[{"href":"https:\/\/www.europesays.com\/fr\/wp-json\/wp\/v2\/posts\/347631","targetHints":{"allow":["GET"]}}],"collection":[{"href":"https:\/\/www.europesays.com\/fr\/wp-json\/wp\/v2\/posts"}],"about":[{"href":"https:\/\/www.europesays.com\/fr\/wp-json\/wp\/v2\/types\/post"}],"author":[{"embeddable":true,"href":"https:\/\/www.europesays.com\/fr\/wp-json\/wp\/v2\/users\/2"}],"replies":[{"embeddable":true,"href":"https:\/\/www.europesays.com\/fr\/wp-json\/wp\/v2\/comments?post=347631"}],"version-history":[{"count":0,"href":"https:\/\/www.europesays.com\/fr\/wp-json\/wp\/v2\/posts\/347631\/revisions"}],"wp:featuredmedia":[{"embeddable":true,"href":"https:\/\/www.europesays.com\/fr\/wp-json\/wp\/v2\/media\/347632"}],"wp:attachment":[{"href":"https:\/\/www.europesays.com\/fr\/wp-json\/wp\/v2\/media?parent=347631"}],"wp:term":[{"taxonomy":"category","embeddable":true,"href":"https:\/\/www.europesays.com\/fr\/wp-json\/wp\/v2\/categories?post=347631"},{"taxonomy":"post_tag","embeddable":true,"href":"https:\/\/www.europesays.com\/fr\/wp-json\/wp\/v2\/tags?post=347631"}],"curies":[{"name":"wp","href":"https:\/\/api.w.org\/{rel}","templated":true}]}}