{"id":347633,"date":"2025-08-27T13:10:10","date_gmt":"2025-08-27T13:10:10","guid":{"rendered":"https:\/\/www.europesays.com\/fr\/347633\/"},"modified":"2025-08-27T13:10:10","modified_gmt":"2025-08-27T13:10:10","slug":"des-photographes-de-dieppe-se-font-voler-leurs-oeuvres-revendues-a-petits-prix","status":"publish","type":"post","link":"https:\/\/www.europesays.com\/fr\/347633\/","title":{"rendered":"Des photographes de Dieppe se font voler leurs \u0153uvres revendues \u00e0 petits prix"},"content":{"rendered":"<p>            Par<br \/>\n        <strong><br \/>\n            <a href=\"https:\/\/actu.fr\/auteur\/maria-dasilva\" title=\"Consulter tous les articles de Maria da Silva\" rel=\"nofollow noopener\" target=\"_blank\">Maria da Silva<\/a><br \/>\n        <\/strong><\/p>\n<p>        Publi\u00e9 le<\/p>\n<p>            27 ao\u00fbt 2025 \u00e0 12h31        <\/p>\n<p>Mauvaise surprise pour une petite dizaine de photographes de <a href=\"https:\/\/actu.fr\/normandie\/dieppe_76217\" rel=\"nofollow noopener\" target=\"_blank\">Dieppe (Seine-Maritime)<\/a>. Lors d\u2019un <a href=\"https:\/\/actu.fr\/normandie\/dieppe_76217\/le-marche-nocturne-de-dieppe-cest-ce-soir_59858377.html\" rel=\"nofollow noopener\" target=\"_blank\">march\u00e9 nocturne<\/a> organis\u00e9 en juillet\u00a02025 sur le <b>quai Henri-IV<\/b>, ils sont avertis par des connaisseurs que certains de leurs clich\u00e9s sont propos\u00e9s \u00e0 la vente par une femme.<br \/>Leurs photos sont reproduites sur des <b>plaques m\u00e9talliques<\/b> et vendues \u00e0 <b>petits prix<\/b>.<\/p>\n<p>Un travail vendu au rabais<\/p>\n<p class=\" wall-content\">\u00ab\u2009J\u2019en ai \u00e9t\u00e9 inform\u00e9 par t\u00e9l\u00e9phone par un ami. Il a reconnu certaines de mes photos. Les plaques sont en petit format, donc il n\u2019y a pas besoin que les clich\u00e9s soient de grande qualit\u00e9. Nous supposons que cette personne les a pris sur les r\u00e9seaux sociaux\u2009\u00bb confie l\u2019un des photographes pill\u00e9s.<\/p>\n<p>    <a href=\"https:\/\/www.facebook.com\/plugins\/post.php?href=https%3A%2F%2Fwww.facebook.com%2Fpermalink.php%3Fstory_fbid%3Dpfbid02xa5jiQobsjdmjopMWyNtTaZGQzrMDWqJq4j322qYFGvs4WtEUYSRicx4cDupCNPDl%26id%3D100007279937732&amp;show_text=true&amp;width=350\" title=\"Ouvrie le lien\" rel=\"nofollow noopener\" target=\"_blank\">Cliquez ici pour visualiser le contenu<\/a><\/p>\n<p class=\" wall-content\">Depuis cette alerte, les artistes et professionnels concern\u00e9s se sont rapproch\u00e9s de l\u2019association qui organise le march\u00e9 nocturne pour faire part de leur m\u00e9contentement.<\/p>\n<p>Une action envisag\u00e9e<\/p>\n<p class=\" wall-content\">\u00ab\u2009Depuis, cette personne a \u00e9t\u00e9 \u00e9cart\u00e9e du march\u00e9 nocturne, mais elle continue de vendre notre travail au rabais sur le <b>march\u00e9 hebdomadaire<\/b> du samedi\u2009\u00bb regrette notre t\u00e9moin qui pr\u00e9f\u00e8re garder l\u2019anonymat.<\/p>\n<p class=\" wall-content\">Yann Pelcat, Dieppois victime lui aussi, a toutefois alert\u00e9 sur les r\u00e9seaux sociaux pour appeler \u00e0 la vigilance de ses confr\u00e8res, mais aussi pour mettre en garde les acheteurs.<\/p>\n<p class=\" wall-content\">Car si cette vente est ill\u00e9gale, \u00ab\u2009ils peuvent \u00eatre consid\u00e9r\u00e9s comme complices et donc qualifi\u00e9s de receleurs\u2009\u00bb poursuit l\u2019un des photographes.<\/p>\n<p>Votre r\u00e9gion, votre actu !<\/p>\n<p>Recevez chaque jour les infos qui comptent pour vous.<\/p>\n<p>\t<a href=\"https:\/\/actu.fr\/newsletter\" class=\"ac-btn ac-btn--corner ac-btn--medium ac-btn--blue800\" rel=\"nofollow noopener\" target=\"_blank\">S&rsquo;incrire<\/a><\/p>\n<p class=\" wall-content\">Une action commune est envisag\u00e9e\u2009: \u00ab\u2009Nous allons s\u00fbrement d\u00e9poser une main courante, dans un premier temps\u2009\u00bb souligne l\u2019un d\u2019eux. Si cela ne suffisait \u00e0 dissuader la vendeuse, ils n\u2019excluent pas de saisir la justice.<\/p>\n<p class=\" wall-content\">Personnalisez votre actualit\u00e9 en ajoutant vos villes et m\u00e9dias en favori avec <a href=\"https:\/\/moncompte.actu.fr\" title=\"D\u00e9couvez Mon Actu\" rel=\"nofollow noopener\" data-trk=\"{&quot;cta&quot;:{&quot;action&quot;:&quot;https:\\\/\\\/moncompte.actu.fr&quot;,&quot;category&quot;:&quot;mon compte&quot;,&quot;from&quot;:&quot;article footer&quot;,&quot;name&quot;:&quot;Mon actu&quot;,&quot;type&quot;:&quot;cta&quot;}}\" target=\"_blank\">Mon Actu<\/a>.<\/p>\n","protected":false},"excerpt":{"rendered":"Par Maria da Silva Publi\u00e9 le 27 ao\u00fbt 2025 \u00e0 12h31 Mauvaise surprise pour une petite dizaine de&hellip;\n","protected":false},"author":2,"featured_media":347634,"comment_status":"","ping_status":"","sticky":false,"template":"","format":"standard","meta":{"footnotes":""},"categories":[1358],"tags":[1477,1348,1384,1385,1386,58,59,118,1011,27,1756],"class_list":{"0":"post-347633","1":"post","2":"type-post","3":"status-publish","4":"format-standard","5":"has-post-thumbnail","7":"category-arts-et-design","8":"tag-artisanat","9":"tag-arts","10":"tag-arts-and-design","11":"tag-arts-et-design","12":"tag-design","13":"tag-divertissement","14":"tag-entertainment","15":"tag-faits-divers","16":"tag-fr","17":"tag-france","18":"tag-photographie"},"share_on_mastodon":{"url":"https:\/\/pubeurope.com\/@fr\/115100898066546928","error":""},"_links":{"self":[{"href":"https:\/\/www.europesays.com\/fr\/wp-json\/wp\/v2\/posts\/347633","targetHints":{"allow":["GET"]}}],"collection":[{"href":"https:\/\/www.europesays.com\/fr\/wp-json\/wp\/v2\/posts"}],"about":[{"href":"https:\/\/www.europesays.com\/fr\/wp-json\/wp\/v2\/types\/post"}],"author":[{"embeddable":true,"href":"https:\/\/www.europesays.com\/fr\/wp-json\/wp\/v2\/users\/2"}],"replies":[{"embeddable":true,"href":"https:\/\/www.europesays.com\/fr\/wp-json\/wp\/v2\/comments?post=347633"}],"version-history":[{"count":0,"href":"https:\/\/www.europesays.com\/fr\/wp-json\/wp\/v2\/posts\/347633\/revisions"}],"wp:featuredmedia":[{"embeddable":true,"href":"https:\/\/www.europesays.com\/fr\/wp-json\/wp\/v2\/media\/347634"}],"wp:attachment":[{"href":"https:\/\/www.europesays.com\/fr\/wp-json\/wp\/v2\/media?parent=347633"}],"wp:term":[{"taxonomy":"category","embeddable":true,"href":"https:\/\/www.europesays.com\/fr\/wp-json\/wp\/v2\/categories?post=347633"},{"taxonomy":"post_tag","embeddable":true,"href":"https:\/\/www.europesays.com\/fr\/wp-json\/wp\/v2\/tags?post=347633"}],"curies":[{"name":"wp","href":"https:\/\/api.w.org\/{rel}","templated":true}]}}