{"id":347637,"date":"2025-08-27T13:12:13","date_gmt":"2025-08-27T13:12:13","guid":{"rendered":"https:\/\/www.europesays.com\/fr\/347637\/"},"modified":"2025-08-27T13:12:13","modified_gmt":"2025-08-27T13:12:13","slug":"on-est-imbaisables-adeline-blondieau-et-benedicte-delmas-sans-filtre-face-a-faustine-bollaert-et-cest-le-cas-de-le-dire","status":"publish","type":"post","link":"https:\/\/www.europesays.com\/fr\/347637\/","title":{"rendered":"\u201cOn est imbaisables\u201d : Adeline Blondieau et B\u00e9n\u00e9dicte Delmas sans filtre face \u00e0 Faustine Bollaert, et c\u2019est le cas de le dire"},"content":{"rendered":"<p data-start=\"506\" data-end=\"865\">Ce mercredi 27 ao\u00fbt 2025,<br \/>\n<a href=\"https:\/\/www.closermag.fr\/people\/maxime-chattam-apres-les-rumeurs-sur-son-couple-avec-faustine-bollaert-lauteur-a-succes-victime-dun-coup-de-blues-3572961\" target=\"_blank\" rel=\"noopener\"><br \/>\nFaustine Bollaert<\/a> recevait <a href=\"https:\/\/www.closermag.fr\/people\/adeline-blondieau-mariee-decollete-plongeant-au-cote-de-son-cheri-stars-de-sous-le-soleil-toutes-ses-photos-3572612\" target=\"_blank\" rel=\"noopener\"><br \/>\nAdeline Blondieau<\/a> et <a href=\"https:\/\/www.closermag.fr\/people\/tonya-kinzinger-serieusement-blessee-en-tournage-ces-dramatiques-sequelles-qui-linquietent-3242657\" target=\"_blank\" rel=\"noopener\"><br \/>\nB\u00e9n\u00e9dicte Delmas<\/a> dans un num\u00e9ro sp\u00e9cial de <a href=\"https:\/\/www.closermag.fr\/people\/un-viol-ce-temoignage-sur-claude-francois-qui-a-fait-vriller-faustine-bollaert-3566802\" target=\"_blank\" rel=\"noopener\"><br \/>\n\u00c7a commence aujourd\u2019hui<\/a>, sur <a href=\"https:\/\/www.closermag.fr\/people\/elle-est-comme-ca-depuis-ce-matin-lea-salame-obsedee-par-le-20h-une-video-tres-second-degre-circule-3573596\" target=\"_blank\" rel=\"noopener\"><br \/>\nFrance 2<\/a>, sous le th\u00e8me C\u00e9l\u00e9brit\u00e9s : \u00e0 50 ans, elles se<br \/>\nsentent enfin libres. Deux anciennes actrices de <a href=\"https:\/\/www.closermag.fr\/people\/adeline-blondieau-mariee-decollete-plongeant-au-cote-de-son-cheri-stars-de-sous-le-soleil-toutes-ses-photos-3572612\" target=\"_blank\" rel=\"noopener\"><br \/>\nSous le soleil<\/a> se sont livr\u00e9es sans langue de bois \u00e0<br \/>\npropos du bad buzz suscit\u00e9 par une photo Instagram.<\/p>\n<p data-start=\"867\" data-end=\"1109\">Le c\u0153ur du d\u00e9bat ? Une<br \/>\ninjonction assez cruelle faite aux femmes, m\u00eame c\u00e9l\u00e8bres,<br \/>\n<strong>de rester jeunes,<\/strong> s\u00e9duisantes, toujours pr\u00eates \u00e0<br \/>\nplaire. Sur ce plateau, les deux actrices ont claqu\u00e9 le jugement \u00e0<br \/>\nla figure, et c\u2019est\u2026 tr\u00e8s rafra\u00eechissant.<\/p>\n<p>Adeline Blondieau lib\u00e9r\u00e9e de<br \/>\nl\u2019image<\/p>\n<p data-start=\"1154\" data-end=\"1504\">Adeline Blondieau, 54 ans, est<br \/>\nau centre du sujet. Elle confie avec franchise : \u00ab\u00a0J\u2019ai \u00e9t\u00e9 un<br \/>\nproduit esth\u00e9tique, je ne le suis plus, et aujourd\u2019hui, je suis<br \/>\nd\u00e9tach\u00e9e de \u00e7a. La m\u00e8che blanche et mes cheveux gris,<br \/>\n<strong>personne n\u2019est l\u00e0 pour m\u2019emb\u00eater<\/strong> avec \u00e7a ! Je<br \/>\nl\u2019assume et \u00e7a me va.\u00a0\u00bb C\u2019est le ton qui fait mouche :<br \/>\nd\u00e9tach\u00e9e, apais\u00e9e, bien dans sa peau. Elle poursuit sur sa<br \/>\nrenaissance int\u00e9rieure. Fini les standards impos\u00e9s, place \u00e0<br \/>\nl\u2019acceptation de soi : elle refuse de s\u2019interdire quoi que ce soit<br \/>\nsous pr\u00e9texte de l\u2019\u00e2ge ou d\u2019un diktat esth\u00e9tique. R\u00e9sultat ? Elle<br \/>\nse sent mieux qu\u2019\u00e0 22 ans. C\u2019est simple, puissant et inspirant.<\/p>\n<blockquote class=\"twitter-tweet\"><p><a class=\"twitter-link\" rel=\"noindex, nofollow noopener\" href=\"https:\/\/twitter.com\/CaCommenceAuj\/status\/1960583058161082369\" target=\"_blank\"><\/p><\/blockquote>\n<p>B\u00e9n\u00e9dicte Delmas : stop \u00e0 la validation masculine<\/p>\n<p data-start=\"1841\" data-end=\"2220\">B\u00e9n\u00e9dicte Delmas, 53 ans, va<br \/>\ndroit au but. Elle revient sans d\u00e9tour sur les commentaires cruels<br \/>\nre\u00e7us apr\u00e8s cette photo partag\u00e9e au naturel. Elle r\u00e9v\u00e8le :<br \/>\n\u00ab\u00a0Dans les commentaires, des hommes nous ont dit <strong>qu\u2019on<br \/>\n\u00e9tait devenues &lsquo;imbaisables&rsquo;<\/strong>, &lsquo;qu\u2019on pourrait faire un<br \/>\neffort&rsquo;. Cette course \u00e0 la validation masculine fait souffrir les<br \/>\nfemmes et leur enl\u00e8ve leur confiance en elles.\u00a0\u00bb<\/p>\n<p data-start=\"2222\" data-end=\"2534\">Et elle ne s\u2019arr\u00eate pas l\u00e0 :<br \/>\n\u00ab\u00a0T\u00e9moigner sur ce sujet, c\u2019est tr\u00e8s important car il faut<br \/>\nr\u00e9ussir \u00e0 stopper cette pression. Oui le temps passe et <strong>ce<br \/>\nn\u2019est pas toujours facile<\/strong> mais c\u2019est aussi un<br \/>\nprivil\u00e8ge.\u00a0\u00bb Elle appelle \u00e0 un cheminement collectif vers le<br \/>\nl\u00e2cher-prise et l\u2019amour de soi. Touchant, juste, r\u00e9aliste.<\/p>\n<p><script async src=\"https:\/\/platform.twitter.com\/widgets.js\" charset=\"utf-8\"><\/script><\/p>\n","protected":false},"excerpt":{"rendered":"Ce mercredi 27 ao\u00fbt 2025, Faustine Bollaert recevait Adeline Blondieau et B\u00e9n\u00e9dicte Delmas dans un num\u00e9ro sp\u00e9cial de&hellip;\n","protected":false},"author":2,"featured_media":347638,"comment_status":"","ping_status":"","sticky":false,"template":"","format":"standard","meta":{"footnotes":""},"categories":[1356],"tags":[6606,548,48378,58,59,1011,27,252,1364],"class_list":{"0":"post-347637","1":"post","2":"type-post","3":"status-publish","4":"format-standard","5":"has-post-thumbnail","7":"category-television","8":"tag-adeline-blondieau","9":"tag-article-simple","10":"tag-benedicte-delmas","11":"tag-divertissement","12":"tag-entertainment","13":"tag-fr","14":"tag-france","15":"tag-television","16":"tag-tv"},"share_on_mastodon":{"url":"https:\/\/pubeurope.com\/@fr\/115100905846195293","error":""},"_links":{"self":[{"href":"https:\/\/www.europesays.com\/fr\/wp-json\/wp\/v2\/posts\/347637","targetHints":{"allow":["GET"]}}],"collection":[{"href":"https:\/\/www.europesays.com\/fr\/wp-json\/wp\/v2\/posts"}],"about":[{"href":"https:\/\/www.europesays.com\/fr\/wp-json\/wp\/v2\/types\/post"}],"author":[{"embeddable":true,"href":"https:\/\/www.europesays.com\/fr\/wp-json\/wp\/v2\/users\/2"}],"replies":[{"embeddable":true,"href":"https:\/\/www.europesays.com\/fr\/wp-json\/wp\/v2\/comments?post=347637"}],"version-history":[{"count":0,"href":"https:\/\/www.europesays.com\/fr\/wp-json\/wp\/v2\/posts\/347637\/revisions"}],"wp:featuredmedia":[{"embeddable":true,"href":"https:\/\/www.europesays.com\/fr\/wp-json\/wp\/v2\/media\/347638"}],"wp:attachment":[{"href":"https:\/\/www.europesays.com\/fr\/wp-json\/wp\/v2\/media?parent=347637"}],"wp:term":[{"taxonomy":"category","embeddable":true,"href":"https:\/\/www.europesays.com\/fr\/wp-json\/wp\/v2\/categories?post=347637"},{"taxonomy":"post_tag","embeddable":true,"href":"https:\/\/www.europesays.com\/fr\/wp-json\/wp\/v2\/tags?post=347637"}],"curies":[{"name":"wp","href":"https:\/\/api.w.org\/{rel}","templated":true}]}}