{"id":347639,"date":"2025-08-27T13:13:11","date_gmt":"2025-08-27T13:13:11","guid":{"rendered":"https:\/\/www.europesays.com\/fr\/347639\/"},"modified":"2025-08-27T13:13:11","modified_gmt":"2025-08-27T13:13:11","slug":"le-guitariste-de-cradle-of-filth-quitte-le-groupe","status":"publish","type":"post","link":"https:\/\/www.europesays.com\/fr\/347639\/","title":{"rendered":"Le guitariste de Cradle Of Filth quitte le groupe"},"content":{"rendered":"\n<p>Que se passe-t-il au sein de la formation Cradle Of Filth\u00a0? Le groupe, actuellement en tourn\u00e9e Sud-Am\u00e9ricaine, voit ses effectifs fondre comme glace au soleil.<\/p>\n<p>En mars, Zo\u00eb M. Federoff avait d\u00e9cid\u00e9 de partir un peu plus t\u00f4t pour \u00ab\u00a0raisons personnelles\u00a0\u00bb. \u00c9videmment, les rumeurs n&rsquo;ont pas tard\u00e9 \u00e0 enfler avan\u00e7ant que le couple conna\u00eetrait des probl\u00e8mes conjugaux. Les amoureux s\u2019\u00e9taient mari\u00e9s en d\u00e9but d\u2019ann\u00e9e devant un parterre d\u2019invit\u00e9s parmi lesquels les membres de Cradle Of Filth.<\/p>\n<p>Aujourd\u2019hui, Federoff et Ashok d\u00e9mentent les rumeurs affirmant que leur mariage bat de l\u2019aile et \u00e9voquent plut\u00f4t un stress grandissant, des revenus trop bas et le fait que Cradle Of Filth constitue un frein \u00e0 leur avenir commun.<\/p>\n<p>Dans la suite du communiqu\u00e9 \u00e9mis par Smerda, ce dernier demande \u00e9galement \u00e0 ce que l\u2019ensemble de ses compositions soient retir\u00e9es des futurs projets du groupe, y compris la collaboration avec Ed Sheeran qui prend tr\u00e8s cher\u00a0: \u00ab\u00a0Sans lui manquer de respect\u00a0\u00bb, attaque Ashok dans son communiqu\u00e9 \u00ab\u00a0Cette collaboration n\u2019est autre qu\u2019une pitrerie de clown\u00a0; il s\u2019agissait tout d\u2019abord d\u2019un titre caritatif pour les enfants, puis d\u2019un single tout court avant de se retrouver sur le prochain album et sur je ne sais quoi d\u2019autre dont je ne souhaite pas faire partie\u00a0\u00bb. Voil\u00e0, \u00e7a, c\u2019est fait.<\/p>\n<p>Ashok quittera le groupe \u00e0 l\u2019issue de leurs concerts en Am\u00e9rique du Sud.<\/p>\n","protected":false},"excerpt":{"rendered":"Que se passe-t-il au sein de la formation Cradle Of Filth\u00a0? Le groupe, actuellement en tourn\u00e9e Sud-Am\u00e9ricaine, voit&hellip;\n","protected":false},"author":2,"featured_media":347640,"comment_status":"","ping_status":"","sticky":false,"template":"","format":"standard","meta":{"footnotes":""},"categories":[1355],"tags":[48380,48383,48381,3985,58,59,10266,1011,27,48382,48379,1361,873,14099,4990,4441,48384],"class_list":{"0":"post-347639","1":"post","2":"type-post","3":"status-publish","4":"format-standard","5":"has-post-thumbnail","7":"category-musique","8":"tag-ashok","9":"tag-clavieriste","10":"tag-craddle-of-filth","11":"tag-depart","12":"tag-divertissement","13":"tag-entertainment","14":"tag-epouse","15":"tag-fr","16":"tag-france","17":"tag-guitariste","18":"tag-marek-smerda","19":"tag-music","20":"tag-musique","21":"tag-salaire","22":"tag-stress","23":"tag-tournee","24":"tag-zoe-m-federoff"},"share_on_mastodon":{"url":"https:\/\/pubeurope.com\/@fr\/115100909899444845","error":""},"_links":{"self":[{"href":"https:\/\/www.europesays.com\/fr\/wp-json\/wp\/v2\/posts\/347639","targetHints":{"allow":["GET"]}}],"collection":[{"href":"https:\/\/www.europesays.com\/fr\/wp-json\/wp\/v2\/posts"}],"about":[{"href":"https:\/\/www.europesays.com\/fr\/wp-json\/wp\/v2\/types\/post"}],"author":[{"embeddable":true,"href":"https:\/\/www.europesays.com\/fr\/wp-json\/wp\/v2\/users\/2"}],"replies":[{"embeddable":true,"href":"https:\/\/www.europesays.com\/fr\/wp-json\/wp\/v2\/comments?post=347639"}],"version-history":[{"count":0,"href":"https:\/\/www.europesays.com\/fr\/wp-json\/wp\/v2\/posts\/347639\/revisions"}],"wp:featuredmedia":[{"embeddable":true,"href":"https:\/\/www.europesays.com\/fr\/wp-json\/wp\/v2\/media\/347640"}],"wp:attachment":[{"href":"https:\/\/www.europesays.com\/fr\/wp-json\/wp\/v2\/media?parent=347639"}],"wp:term":[{"taxonomy":"category","embeddable":true,"href":"https:\/\/www.europesays.com\/fr\/wp-json\/wp\/v2\/categories?post=347639"},{"taxonomy":"post_tag","embeddable":true,"href":"https:\/\/www.europesays.com\/fr\/wp-json\/wp\/v2\/tags?post=347639"}],"curies":[{"name":"wp","href":"https:\/\/api.w.org\/{rel}","templated":true}]}}