{"id":347650,"date":"2025-08-27T13:19:17","date_gmt":"2025-08-27T13:19:17","guid":{"rendered":"https:\/\/www.europesays.com\/fr\/347650\/"},"modified":"2025-08-27T13:19:17","modified_gmt":"2025-08-27T13:19:17","slug":"porsche-cherche-un-nouveau-dirigeant-pour-mettre-fin-a-la-double-fonction-avec-volkswagen-source-27-08-2025-a-1456","status":"publish","type":"post","link":"https:\/\/www.europesays.com\/fr\/347650\/","title":{"rendered":"Porsche cherche un nouveau dirigeant pour mettre fin \u00e0 la double-fonction avec Volkswagen-source &#8211; 27\/08\/2025 \u00e0 14:56"},"content":{"rendered":"<p>        <img fetchpriority=\"high\" decoding=\"async\" src=\"https:\/\/www.europesays.com\/fr\/wp-content\/uploads\/2025\/08\/fe935cf725a9233aa3251357466af201-760x507.jpg\" alt=\"Oliver Blume, PDG de Porsche, pr\u00e9sente la nouvelle Porsche Cayenne lors du salon de l'automobile de Francfort (IAA) \u00e0 Francfort\" loading=\"eager\" width=\"760\" height=\"507\" style=\"max-width: 100%!important; height: auto;\"\/><\/p>\n<p class=\"c-image-news__legend\">Oliver Blume, PDG de Porsche, pr\u00e9sente la nouvelle Porsche Cayenne lors du salon de l&rsquo;automobile de Francfort (IAA) \u00e0 Francfort<\/p>\n<p>\n BERLIN (Reuters) -Porsche a lanc\u00e9 la recherche d\u2019un successeur \u00e0 son pr\u00e9sident du directoire Oliver Blume, a indiqu\u00e9 une source proche du dossier, un processus qui pourrait mettre fin \u00e0 sa double fonction contest\u00e9e \u00e0 la t\u00eate du constructeur de voitures de sport de luxe et de sa maison m\u00e8re Volkswagen.\n<\/p>\n<p>\n La double casquette de Olivier Blume, \u00e0 la t\u00eate de Volkswagen et Porsche AG suscite des tensions parmi les actionnaires depuis l\u2019introduction en Bourse de Porsche en tant qu\u2019entit\u00e9 scind\u00e9e en septembre 2022.\n<\/p>\n<p>\n Olivier Blume, qui a soulign\u00e9 \u00e0 plusieurs reprises que cette situation n\u2019\u00e9tait pas appel\u00e9e \u00e0 durer, avait d\u00e9clar\u00e9 le mois dernier, lorsqu&rsquo;on l&rsquo;avait interrog\u00e9 sur le calendrier de la scission des r\u00f4les : \u00ab\u00a0Nous n\u2019avons pas fix\u00e9 de date et verrons comment les choses \u00e9voluent cette ann\u00e9e\u00a0\u00bb.\n<\/p>\n<p>\n Volkswagen, Porsche et Porsche SE, le v\u00e9hicule d\u2019investissement des familles Porsche et Pi\u00ebch, qui d\u00e9tient la majorit\u00e9 des droits de vote de Volkswagen, ont tous refus\u00e9 de commenter.\n<\/p>\n<p>\n A Francfort, l&rsquo;action Porsche a pris 1,1% \u00e0 la suite de la publication mercredi des premi\u00e8res informations de presse sur l&rsquo;affaire par l\u2019hebdomadaire \u00e9conomique allemand WirtschaftsWoche, qui cite plusieurs sources haut plac\u00e9es dans l\u2019entreprise.\n<\/p>\n<p>\n La recherche d\u2019un successeur est en cours, des discussions ayant lieu entre Olivier Blume, le pr\u00e9sident du conseil de surveillance de Volkswagen, le comit\u00e9 d\u2019entreprise ainsi que les repr\u00e9sentants des familles Porsche et Pi\u00ebch, selon le WirtschaftsWoche.\n<\/p>\n<p>\n Les familles Porsche et Pi\u00ebch contr\u00f4lent de facto Volkswagen via leur holding Porsche SE, qui d\u00e9tient la majorit\u00e9 des droits de vote du constructeur bas\u00e9 \u00e0 Wolfsburg.\n<\/p>\n<p>\n La nomination devrait \u00eatre annonc\u00e9e \u00e0 l\u2019automne et mise en \u0153uvre d\u2019ici d\u00e9but 2026, pr\u00e9cise le magazine, ajoutant que des candidats internes comme externes sont envisag\u00e9s.\n<\/p>\n<p>\n Olivier Blume a d\u00e9j\u00e0 \u00e0 plusieurs reprises indiqu\u00e9 que la double fonction n\u2019avait pas vocation \u00e0 durer ind\u00e9finiment, sans toutefois fixer de date pour y mettre fin.\n<\/p>\n<p>\n (Christina Amann, Rachel More, avec Amir Orusov, r\u00e9dig\u00e9 par Christoph Steitz ; version fran\u00e7aise No\u00e9mie Naudin, \u00e9dit\u00e9 par Augustin Turpin)<\/p>\n","protected":false},"excerpt":{"rendered":"Oliver Blume, PDG de Porsche, pr\u00e9sente la nouvelle Porsche Cayenne lors du salon de l&rsquo;automobile de Francfort (IAA)&hellip;\n","protected":false},"author":2,"featured_media":347651,"comment_status":"","ping_status":"","sticky":false,"template":"","format":"standard","meta":{"footnotes":""},"categories":[6],"tags":[400,398,408,35,405,33,34,1011,27,403,402,399,404,401,406,407],"class_list":{"0":"post-347650","1":"post","2":"type-post","3":"status-publish","4":"format-standard","5":"has-post-thumbnail","7":"category-economie","8":"tag-action-cac-40","9":"tag-bourse-de-paris","10":"tag-boursorama","11":"tag-business","12":"tag-cotations","13":"tag-economie","14":"tag-economy","15":"tag-fr","16":"tag-france","17":"tag-indices-devises","18":"tag-investir","19":"tag-investissement","20":"tag-marche-boursier","21":"tag-sicav","22":"tag-trackers","23":"tag-warrants"},"share_on_mastodon":{"url":"https:\/\/pubeurope.com\/@fr\/115100933486885265","error":""},"_links":{"self":[{"href":"https:\/\/www.europesays.com\/fr\/wp-json\/wp\/v2\/posts\/347650","targetHints":{"allow":["GET"]}}],"collection":[{"href":"https:\/\/www.europesays.com\/fr\/wp-json\/wp\/v2\/posts"}],"about":[{"href":"https:\/\/www.europesays.com\/fr\/wp-json\/wp\/v2\/types\/post"}],"author":[{"embeddable":true,"href":"https:\/\/www.europesays.com\/fr\/wp-json\/wp\/v2\/users\/2"}],"replies":[{"embeddable":true,"href":"https:\/\/www.europesays.com\/fr\/wp-json\/wp\/v2\/comments?post=347650"}],"version-history":[{"count":0,"href":"https:\/\/www.europesays.com\/fr\/wp-json\/wp\/v2\/posts\/347650\/revisions"}],"wp:featuredmedia":[{"embeddable":true,"href":"https:\/\/www.europesays.com\/fr\/wp-json\/wp\/v2\/media\/347651"}],"wp:attachment":[{"href":"https:\/\/www.europesays.com\/fr\/wp-json\/wp\/v2\/media?parent=347650"}],"wp:term":[{"taxonomy":"category","embeddable":true,"href":"https:\/\/www.europesays.com\/fr\/wp-json\/wp\/v2\/categories?post=347650"},{"taxonomy":"post_tag","embeddable":true,"href":"https:\/\/www.europesays.com\/fr\/wp-json\/wp\/v2\/tags?post=347650"}],"curies":[{"name":"wp","href":"https:\/\/api.w.org\/{rel}","templated":true}]}}