{"id":347658,"date":"2025-08-27T13:23:11","date_gmt":"2025-08-27T13:23:11","guid":{"rendered":"https:\/\/www.europesays.com\/fr\/347658\/"},"modified":"2025-08-27T13:23:11","modified_gmt":"2025-08-27T13:23:11","slug":"sur-la47-ce-nouveau-parking-de-40-places-ouvre-entre-saint-etienne-et-lyon","status":"publish","type":"post","link":"https:\/\/www.europesays.com\/fr\/347658\/","title":{"rendered":"Sur l&rsquo;A47, ce nouveau parking de 40 places ouvre entre Saint-Etienne et Lyon"},"content":{"rendered":"<p>            Par<br \/>\n        <strong><br \/>\n            <a href=\"https:\/\/actu.fr\/auteur\/mathias-souteyrat\" title=\"Consulter tous les articles de Mathias Souteyrat\" target=\"_blank\" rel=\"noopener\">Mathias Souteyrat<\/a><br \/>\n        <\/strong><\/p>\n<p>        Publi\u00e9 le<\/p>\n<p>            27 ao\u00fbt 2025 \u00e0 14h43        <\/p>\n<p>Pr\u00e9vue pour fin janvier\u00a02025, la nouvelle aire de covoiturage de 39 places \u00e0 une sortie de <a href=\"https:\/\/actu.fr\/tag\/autoroute-47-a47\" target=\"_blank\" rel=\"noopener\">l\u2019autoroute A47<\/a> \u00e0 La Grand-Croix (Loire), <a href=\"https:\/\/actu.fr\/auvergne-rhone-alpes\/la-grand-croix_42103\/a47-un-grand-parking-entre-saint-etienne-et-lyon-construit-sur-cette-aire-d-autoroute_62016741.html\" target=\"_blank\" rel=\"noopener\">entre Saint-Etienne et Lyon<\/a>, a \u00e9t\u00e9 inaugur\u00e9e fin ao\u00fbt.<\/p>\n<p class=\" wall-content\">Ce mercredi 27\u00a0ao\u00fbt, Dominique Schuffenecker, secr\u00e9taire g\u00e9n\u00e9ral de la pr\u00e9fecture de la Loire, s\u2019est rendu aux c\u00f4t\u00e9s des \u00e9lus locaux dans la commune de La Grand-Croix pour inaugurer la modernisation de l\u2019\u00e9changeur autoroutier ainsi que le nouveau parking de covoiturage.<\/p>\n<p>    <img   decoding=\"async\" loading=\"lazy\" src=\"https:\/\/www.europesays.com\/fr\/wp-content\/uploads\/2025\/08\/gzw4vzjxuaacqno-960x640.jpeg\" alt=\"Les autorit\u00e9s et \u00e9lus locaux dans la commune de La Grand-Croix pour inaugurer la modernisation de l\u2019\u00e9changeur autoroutier de l\u2019A47.\" width=\"960\" height=\"640\"\/><br \/>\n    Les autorit\u00e9s et \u00e9lus locaux dans la commune de La Grand-Croix pour inaugurer la modernisation de l\u2019\u00e9changeur autoroutier de l\u2019A47. (\u00a9Pr\u00e9fecture de la Loire)Modernisation de l\u2019\u00e9changeur autoroutier de l\u2019A47<\/p>\n<p class=\" wall-content\">Le parking se trouve <strong>\u00e0 la sortie 13<\/strong> (La Grand\u2019Croix \u2013 Lorette \u2013 Saint-Paul-en-Jarez) de l\u2019autoroute A47, \u00e0 hauteur de la commune de La Grand-Croix (Loire), entre Saint-\u00c9tienne et Lyon.<\/p>\n<p class=\" wall-content\">Pour rappel, le montant total des travaux est de 224\u2009000\u00a0\u20ac, dont une subvention de l\u2019\u00c9tat au titre du Fonds Vert \u2013 France nation verte \u00e0 hauteur de 47\u2009639\u00a0\u20ac.<\/p>\n<p class=\" wall-content\">Personnalisez votre actualit\u00e9 en ajoutant vos villes et m\u00e9dias en favori avec <a href=\"https:\/\/moncompte.actu.fr\" title=\"D\u00e9couvez Mon Actu\" rel=\"nofollow noopener\" data-trk=\"{&quot;cta&quot;:{&quot;action&quot;:&quot;https:\\\/\\\/moncompte.actu.fr&quot;,&quot;category&quot;:&quot;mon compte&quot;,&quot;from&quot;:&quot;article footer&quot;,&quot;name&quot;:&quot;Mon actu&quot;,&quot;type&quot;:&quot;cta&quot;}}\" target=\"_blank\">Mon Actu<\/a>.<\/p>\n","protected":false},"excerpt":{"rendered":"Par Mathias Souteyrat Publi\u00e9 le 27 ao\u00fbt 2025 \u00e0 14h43 Pr\u00e9vue pour fin janvier\u00a02025, la nouvelle aire de&hellip;\n","protected":false},"author":2,"featured_media":347659,"comment_status":"","ping_status":"","sticky":false,"template":"","format":"standard","meta":{"footnotes":""},"categories":[9653],"tags":[1111,11,8964,2430,16745,1777,674,1011,27,12,25,4001,104],"class_list":{"0":"post-347658","1":"post","2":"type-post","3":"status-publish","4":"format-standard","5":"has-post-thumbnail","7":"category-saint-etienne","8":"tag-actu","9":"tag-actualites","10":"tag-autoroute-47-a47","11":"tag-auvergne-rhone-alpes","12":"tag-covoiturage","13":"tag-eu","14":"tag-europe","15":"tag-fr","16":"tag-france","17":"tag-news","18":"tag-republique-francaise","19":"tag-saint-etienne","20":"tag-societe"},"share_on_mastodon":{"url":"https:\/\/pubeurope.com\/@fr\/115100949283360523","error":""},"_links":{"self":[{"href":"https:\/\/www.europesays.com\/fr\/wp-json\/wp\/v2\/posts\/347658","targetHints":{"allow":["GET"]}}],"collection":[{"href":"https:\/\/www.europesays.com\/fr\/wp-json\/wp\/v2\/posts"}],"about":[{"href":"https:\/\/www.europesays.com\/fr\/wp-json\/wp\/v2\/types\/post"}],"author":[{"embeddable":true,"href":"https:\/\/www.europesays.com\/fr\/wp-json\/wp\/v2\/users\/2"}],"replies":[{"embeddable":true,"href":"https:\/\/www.europesays.com\/fr\/wp-json\/wp\/v2\/comments?post=347658"}],"version-history":[{"count":0,"href":"https:\/\/www.europesays.com\/fr\/wp-json\/wp\/v2\/posts\/347658\/revisions"}],"wp:featuredmedia":[{"embeddable":true,"href":"https:\/\/www.europesays.com\/fr\/wp-json\/wp\/v2\/media\/347659"}],"wp:attachment":[{"href":"https:\/\/www.europesays.com\/fr\/wp-json\/wp\/v2\/media?parent=347658"}],"wp:term":[{"taxonomy":"category","embeddable":true,"href":"https:\/\/www.europesays.com\/fr\/wp-json\/wp\/v2\/categories?post=347658"},{"taxonomy":"post_tag","embeddable":true,"href":"https:\/\/www.europesays.com\/fr\/wp-json\/wp\/v2\/tags?post=347658"}],"curies":[{"name":"wp","href":"https:\/\/api.w.org\/{rel}","templated":true}]}}