{"id":347666,"date":"2025-08-27T13:27:10","date_gmt":"2025-08-27T13:27:10","guid":{"rendered":"https:\/\/www.europesays.com\/fr\/347666\/"},"modified":"2025-08-27T13:27:10","modified_gmt":"2025-08-27T13:27:10","slug":"toulon-81eme-anniversaire-de-la-liberation-de-la-ville-de-toulon-jeudi-28-aout","status":"publish","type":"post","link":"https:\/\/www.europesays.com\/fr\/347666\/","title":{"rendered":"TOULON : 81\u00e8me anniversaire de la lib\u00e9ration de la Ville de Toulon, jeudi 28 ao\u00fbt"},"content":{"rendered":"<p><strong>C\u00e9l\u00e9bration du 81\u00e8me anniversaire de la lib\u00e9ration de la Ville de Toulon, le jeudi 28 ao\u00fbt 2025, \u00e0 18h.<\/strong><\/p>\n<p><strong>C\u00c9R\u00c9MONIE \u2013 C\u00e9l\u00e9bration du 81\u1d49 anniversaire de la lib\u00e9ration de la ville de Toulon<\/strong><\/p>\n<p>A l\u2019invitation de Mme le Maire de Toulon, le pr\u00e9fet du Var, assiste \u00e0 la c\u00e9r\u00e9monie comm\u00e9morative du 81\u00e8me anniversaire de la lib\u00e9ration de la ville de Toulon, en pr\u00e9sence des autorit\u00e9s civiles et militaires et des repr\u00e9sentants des associations patriotiques :<\/p>\n<p><strong>Jeudi 28 ao\u00fbt, \u00e0 18h<\/strong><br \/><strong>d\u00e9part du cort\u00e8ge \u00e0 la Place d\u2019Armes<\/strong><br \/><strong>\u00e0 Toulon<\/strong><\/p>\n<p>Depuis la Place d\u2019Armes, le cort\u00e8ge se dirigera vers la plaque d\u00e9di\u00e9e \u00e0 la m\u00e9moire de Jean Moulin sur la fa\u00e7ade du commissariat central de la Ville puis vers le monument \u00e9lev\u00e9 \u00e0 la m\u00e9moire du Mar\u00e9chal de Lattre de Tassigny avant de rejoindre le monument aux Morts, place Gabriel P\u00e9ri.<\/p>\n","protected":false},"excerpt":{"rendered":"C\u00e9l\u00e9bration du 81\u00e8me anniversaire de la lib\u00e9ration de la Ville de Toulon, le jeudi 28 ao\u00fbt 2025, \u00e0&hellip;\n","protected":false},"author":2,"featured_media":191890,"comment_status":"","ping_status":"","sticky":false,"template":"","format":"standard","meta":{"footnotes":""},"categories":[9619],"tags":[1111,11,1777,674,1011,27,12,882,25,2310],"class_list":{"0":"post-347666","1":"post","2":"type-post","3":"status-publish","4":"format-standard","5":"has-post-thumbnail","7":"category-toulon","8":"tag-actu","9":"tag-actualites","10":"tag-eu","11":"tag-europe","12":"tag-fr","13":"tag-france","14":"tag-news","15":"tag-provence-alpes-cote-dazur","16":"tag-republique-francaise","17":"tag-toulon"},"share_on_mastodon":{"url":"https:\/\/pubeurope.com\/@fr\/115100964928800429","error":""},"_links":{"self":[{"href":"https:\/\/www.europesays.com\/fr\/wp-json\/wp\/v2\/posts\/347666","targetHints":{"allow":["GET"]}}],"collection":[{"href":"https:\/\/www.europesays.com\/fr\/wp-json\/wp\/v2\/posts"}],"about":[{"href":"https:\/\/www.europesays.com\/fr\/wp-json\/wp\/v2\/types\/post"}],"author":[{"embeddable":true,"href":"https:\/\/www.europesays.com\/fr\/wp-json\/wp\/v2\/users\/2"}],"replies":[{"embeddable":true,"href":"https:\/\/www.europesays.com\/fr\/wp-json\/wp\/v2\/comments?post=347666"}],"version-history":[{"count":0,"href":"https:\/\/www.europesays.com\/fr\/wp-json\/wp\/v2\/posts\/347666\/revisions"}],"wp:featuredmedia":[{"embeddable":true,"href":"https:\/\/www.europesays.com\/fr\/wp-json\/wp\/v2\/media\/191890"}],"wp:attachment":[{"href":"https:\/\/www.europesays.com\/fr\/wp-json\/wp\/v2\/media?parent=347666"}],"wp:term":[{"taxonomy":"category","embeddable":true,"href":"https:\/\/www.europesays.com\/fr\/wp-json\/wp\/v2\/categories?post=347666"},{"taxonomy":"post_tag","embeddable":true,"href":"https:\/\/www.europesays.com\/fr\/wp-json\/wp\/v2\/tags?post=347666"}],"curies":[{"name":"wp","href":"https:\/\/api.w.org\/{rel}","templated":true}]}}