{"id":347669,"date":"2025-08-27T13:29:14","date_gmt":"2025-08-27T13:29:14","guid":{"rendered":"https:\/\/www.europesays.com\/fr\/347669\/"},"modified":"2025-08-27T13:29:14","modified_gmt":"2025-08-27T13:29:14","slug":"coups-de-couteau-sur-ses-colocataires-dans-un-appartement-de-la-paillade-a-montpellier-huit-mois-ferme-pour-le-sexagenaire","status":"publish","type":"post","link":"https:\/\/www.europesays.com\/fr\/347669\/","title":{"rendered":"Coups de couteau sur ses colocataires dans un appartement de la Paillade \u00e0 Montpellier\u00a0: huit mois ferme pour le sexag\u00e9naire"},"content":{"rendered":"<p>\n                                                                Le pr\u00e9venu comparaissait devant le tribunal correctionnel de Montpellier, ce lundi 25\u00a0ao\u00fbt, pour violence avec l\u2019usage d\u2019un couteau lors d\u2019un diff\u00e9rend avec les deux autres\u00a0occupants du logement.\n                            <\/p>\n<p>La soir\u00e9e avait mal tourn\u00e9. Le 20\u00a0ao\u00fbt dernier, une dispute \u00e9clatait\u00a0entre trois\u00a0hommes, dans un appartement \u00e0 la Paillade, \u00e0 Montpellier. Raison \u00e9voqu\u00e9e par l\u2019un protagonistes, jug\u00e9 lundi 25\u00a0ao\u00fbt au tribunal correctionnel\u00a0: un achat d\u2019alcool et de cigarettes. Mais la justification semble\u00a0floue. Les trois\u00a0individus ont peu de souvenirs de cette nuit arros\u00e9e.<\/p>\n<p>Le couteau, tach\u00e9 de sang, retrouv\u00e9 dans la poubelle<\/p>\n<p>Le pr\u00e9venu est accus\u00e9 d\u2019avoir attaqu\u00e9 ses colocataires avec un couteau dont la lame mesure environ 20 centim\u00e8tres, pr\u00e9cise le pr\u00e9sident. L\u2019une des victimes pr\u00e9sentait une plaie au niveau de la main, avec deux tendons\u00a0sectionn\u00e9s. L\u2019autre a subi\u00a0plusieurs entailles au cou et \u00e0 l\u2019\u00e9paule.<\/p>\n<p>Les policiers ont retrouv\u00e9 le couteau, tach\u00e9 de sang, cach\u00e9 dans la poubelle avec de l\u2019essuie-tout. Le pr\u00e9venu, quant \u00e0 lui, pr\u00e9sentait des taches de sang dans le dos de son t-shirt lors de son interpellation.<\/p>\n<p>\u00c0 l\u2019audience, le pr\u00e9venu para\u00eet confus. \u00ab\u00a0Je n\u2019ai pas utilis\u00e9 de couteau\u00a0\u00bb, indique-t-il. Le pr\u00e9sident lui demande alors d\u2019expliquer comment les deux autres colocataires se seraient bless\u00e9s. \u00ab\u00a0Ils se sont fait \u00e7a tout seul\u00a0\u00bb, r\u00e9pond-il, assist\u00e9 par un\u00a0interpr\u00e8te.<\/p>\n<p>Sous OQTF depuis 2022<\/p>\n<p>L\u2019homme de 61 ans, originaire du Maroc, est arriv\u00e9 en France il y a dix ans. En situation irr\u00e9guli\u00e8re, il aurait entam\u00e9 les d\u00e9marches mais \u00ab\u00a0cela n\u2019a servi \u00e0 rien\u00a0\u00bb, pr\u00e9cise-t-il. \u00ab\u00a0Je ne cherche pas les ennuis\u00a0\u00bb, ajoute le pr\u00e9venu, sous obligation de quitter le territoire fran\u00e7ais depuis janvier\u00a02022.<\/p>\n<p>Afin de garantir la s\u00e9curit\u00e9 des victimes, l\u2019avocate de la partie civile demande l\u2019interdiction pour le pr\u00e9venu\u00a0d\u2019entrer\u00a0en contact avec les colocataires et de para\u00eetre au domicile. L\u2019avocate de la d\u00e9fense, elle, est revenue sur la confusion des t\u00e9moignages des victimes\u00a0: \u00ab\u00a0Les deux individus disent qu\u2019ils\u00a0ne se souviennent de rien. Se fonder sur ces d\u00e9clarations me semble l\u00e9ger\u00a0\u00bb. La procureure de la R\u00e9publique pour sa part requiert huit mois de prison, une interdiction du territoire fran\u00e7ais (ITF), ainsi que l\u2019interdiction d\u2019entrer en\u00a0contact et de para\u00eetre au domicile des victimes.<\/p>\n<p>Huit mois ferme<\/p>\n<p>Apr\u00e8s d\u00e9lib\u00e9ration, le tribunal a suivi les r\u00e9quisitions de la procureure. L\u2019homme de 61 ans \u00e9cope d\u2019une peine de huit mois d\u2019emprisonnement ferme ainsi que d\u2019une interdiction de porter une arme pendant cinq\u00a0ans et une\u00a0ITF pendant trois ans, \u00e0 l\u2019issue de son incarc\u00e9ration. Il lui est \u00e9galement interdit de para\u00eetre sur les lieux de la r\u00e9sidence et d\u2019entrer en contact avec les victimes. Il devra verser une somme totale de 3\u00a0500\u00a0\u20ac aux deux parties civiles.<\/p>\n","protected":false},"excerpt":{"rendered":"Le pr\u00e9venu comparaissait devant le tribunal correctionnel de Montpellier, ce lundi 25\u00a0ao\u00fbt, pour violence avec l\u2019usage d\u2019un couteau&hellip;\n","protected":false},"author":2,"featured_media":347670,"comment_status":"","ping_status":"","sticky":false,"template":"","format":"standard","meta":{"footnotes":""},"categories":[9599],"tags":[1111,11,1777,674,1011,27,2208,12,2680,25],"class_list":{"0":"post-347669","1":"post","2":"type-post","3":"status-publish","4":"format-standard","5":"has-post-thumbnail","7":"category-montpellier","8":"tag-actu","9":"tag-actualites","10":"tag-eu","11":"tag-europe","12":"tag-fr","13":"tag-france","14":"tag-montpellier","15":"tag-news","16":"tag-occitanie","17":"tag-republique-francaise"},"share_on_mastodon":{"url":"https:\/\/pubeurope.com\/@fr\/115100972730698214","error":""},"_links":{"self":[{"href":"https:\/\/www.europesays.com\/fr\/wp-json\/wp\/v2\/posts\/347669","targetHints":{"allow":["GET"]}}],"collection":[{"href":"https:\/\/www.europesays.com\/fr\/wp-json\/wp\/v2\/posts"}],"about":[{"href":"https:\/\/www.europesays.com\/fr\/wp-json\/wp\/v2\/types\/post"}],"author":[{"embeddable":true,"href":"https:\/\/www.europesays.com\/fr\/wp-json\/wp\/v2\/users\/2"}],"replies":[{"embeddable":true,"href":"https:\/\/www.europesays.com\/fr\/wp-json\/wp\/v2\/comments?post=347669"}],"version-history":[{"count":0,"href":"https:\/\/www.europesays.com\/fr\/wp-json\/wp\/v2\/posts\/347669\/revisions"}],"wp:featuredmedia":[{"embeddable":true,"href":"https:\/\/www.europesays.com\/fr\/wp-json\/wp\/v2\/media\/347670"}],"wp:attachment":[{"href":"https:\/\/www.europesays.com\/fr\/wp-json\/wp\/v2\/media?parent=347669"}],"wp:term":[{"taxonomy":"category","embeddable":true,"href":"https:\/\/www.europesays.com\/fr\/wp-json\/wp\/v2\/categories?post=347669"},{"taxonomy":"post_tag","embeddable":true,"href":"https:\/\/www.europesays.com\/fr\/wp-json\/wp\/v2\/tags?post=347669"}],"curies":[{"name":"wp","href":"https:\/\/api.w.org\/{rel}","templated":true}]}}