{"id":347675,"date":"2025-08-27T13:34:36","date_gmt":"2025-08-27T13:34:36","guid":{"rendered":"https:\/\/www.europesays.com\/fr\/347675\/"},"modified":"2025-08-27T13:34:36","modified_gmt":"2025-08-27T13:34:36","slug":"saint-martin-dheres-deux-dates-pour-lola-dubini","status":"publish","type":"post","link":"https:\/\/www.europesays.com\/fr\/347675\/","title":{"rendered":"Saint-Martin-d&rsquo;H\u00e8res. Deux dates pour Lola Dubini"},"content":{"rendered":"<p>Lola Dubini revient sur sc\u00e8ne avec un spectacle oscillant entre chansons originales, reprises et anecdotes. Une heure \u00e0 chanter et \u00e0 rire de la vie, ses bonheurs et ses ingratitudes. L\u2019humoriste sera pr\u00e9sente deux fois dans la m\u00e9tropole d\u2019ici la fin de l\u2019ann\u00e9e. Notamment \u00e0 l\u2019Austra Rock avec un plateau d\u2019humoristes compos\u00e9 de Louis Bonhoure, Charlotte Creyx, Mathieu Rochet, Calvin Bavoux. Elle pr\u00e9sentera ensuite son spectacle Pr\u00e9lude  \u00e0 L\u2019Ilyade.<\/p>\n<p class=\"note\">Mercredi 3\u00a0septembre \u00e0 18\u00a0h\u00a030 \u00e0 l\u2019Austra Rock \u00e0 Saint-Martin-d\u2019H\u00e8res. 18\u00a0\u20ac. Vendredi 12\u00a0d\u00e9cembre \u00e0 20 heures \u00e0 L\u2019Ilyade \u00e0 Seyssinet-Pariset. 32\u00a0\u20ac.<\/p>\n","protected":false},"excerpt":{"rendered":"Lola Dubini revient sur sc\u00e8ne avec un spectacle oscillant entre chansons originales, reprises et anecdotes. Une heure \u00e0&hellip;\n","protected":false},"author":2,"featured_media":347676,"comment_status":"","ping_status":"","sticky":false,"template":"","format":"standard","meta":{"footnotes":""},"categories":[9566],"tags":[1111,11,2430,1687,112,1777,674,1011,27,2731,108,12,25,9448,11264,3140],"class_list":{"0":"post-347675","1":"post","2":"type-post","3":"status-publish","4":"format-standard","5":"has-post-thumbnail","7":"category-grenoble","8":"tag-actu","9":"tag-actualites","10":"tag-auvergne-rhone-alpes","11":"tag-culture-loisirs","12":"tag-edition-grenoble-agglomeration","13":"tag-eu","14":"tag-europe","15":"tag-fr","16":"tag-france","17":"tag-grenoble","18":"tag-isere","19":"tag-news","20":"tag-republique-francaise","21":"tag-saint-martin-dheres","22":"tag-saint-martin-dheres-bassin","23":"tag-spectacle"},"share_on_mastodon":{"url":"https:\/\/pubeurope.com\/@fr\/115100992440871354","error":""},"_links":{"self":[{"href":"https:\/\/www.europesays.com\/fr\/wp-json\/wp\/v2\/posts\/347675","targetHints":{"allow":["GET"]}}],"collection":[{"href":"https:\/\/www.europesays.com\/fr\/wp-json\/wp\/v2\/posts"}],"about":[{"href":"https:\/\/www.europesays.com\/fr\/wp-json\/wp\/v2\/types\/post"}],"author":[{"embeddable":true,"href":"https:\/\/www.europesays.com\/fr\/wp-json\/wp\/v2\/users\/2"}],"replies":[{"embeddable":true,"href":"https:\/\/www.europesays.com\/fr\/wp-json\/wp\/v2\/comments?post=347675"}],"version-history":[{"count":0,"href":"https:\/\/www.europesays.com\/fr\/wp-json\/wp\/v2\/posts\/347675\/revisions"}],"wp:featuredmedia":[{"embeddable":true,"href":"https:\/\/www.europesays.com\/fr\/wp-json\/wp\/v2\/media\/347676"}],"wp:attachment":[{"href":"https:\/\/www.europesays.com\/fr\/wp-json\/wp\/v2\/media?parent=347675"}],"wp:term":[{"taxonomy":"category","embeddable":true,"href":"https:\/\/www.europesays.com\/fr\/wp-json\/wp\/v2\/categories?post=347675"},{"taxonomy":"post_tag","embeddable":true,"href":"https:\/\/www.europesays.com\/fr\/wp-json\/wp\/v2\/tags?post=347675"}],"curies":[{"name":"wp","href":"https:\/\/api.w.org\/{rel}","templated":true}]}}