{"id":347677,"date":"2025-08-27T13:35:13","date_gmt":"2025-08-27T13:35:13","guid":{"rendered":"https:\/\/www.europesays.com\/fr\/347677\/"},"modified":"2025-08-27T13:35:13","modified_gmt":"2025-08-27T13:35:13","slug":"plus-de-quatre-tonnes-de-tabac-saisies-par-les-douanes-en-peripherie-de-grenoble","status":"publish","type":"post","link":"https:\/\/www.europesays.com\/fr\/347677\/","title":{"rendered":"Plus de quatre tonnes de tabac saisies par les douanes en p\u00e9riph\u00e9rie de Grenoble"},"content":{"rendered":"<p>Plus de 4 tonnes de tabac ont \u00e9t\u00e9 saisis dans les locaux d&rsquo;une entreprise en p\u00e9riph\u00e9rie de Grenoble, indiquent les douanes ce mercredi. La quantit\u00e9 saisie repr\u00e9sente l&rsquo;\u00e9quivalent de \u00ab\u00a0plusieurs centaines de milliers d&rsquo;euros\u00a0\u00bb. Le tabac \u00e9tait destin\u00e9 \u00e0 la vente par internet.<\/p>\n<p>Une \u00e9norme saisie. Elle a \u00e9t\u00e9 r\u00e9alis\u00e9e le 29 juillet dernier dans l&rsquo;entrep\u00f4t et le si\u00e8ge social d&rsquo;une entreprise situ\u00e9e en p\u00e9riph\u00e9rie de Grenoble, indiquent les douanes dans un communiqu\u00e9 publi\u00e9 ce mercredi. En tout, <strong>plus de 4 tonnes de tabac ont \u00e9t\u00e9 retrouv\u00e9es<\/strong>, l&rsquo;\u00e9quivalent de \u00ab\u00a0plusieurs centaines de milliers d&rsquo;euros\u00a0\u00bb \u00e0 la revente. Selon les premiers \u00e9l\u00e9ments de l&rsquo;enqu\u00eate, ce tabac devait \u00eatre vendu sur internet, \u00ab\u00a0sans acquitter les accises dues\u00a0\u00bb, \u00e0 savoir les taxes et droits indirects li\u00e9s \u00e0 la vente du produit. \u00c9galement, l&rsquo;entreprise o\u00f9 a \u00e9t\u00e9 retrouv\u00e9e la marchandise \u00ab\u00a0ne disposait ni du statut de fournisseur agr\u00e9\u00e9, ni de celui d\u2019entrepositaire agr\u00e9\u00e9\u00a0\u00bb, selon le communiqu\u00e9. Le tabac saisi a \u00e9t\u00e9 exp\u00e9die depuis d&rsquo;autres pays de l&rsquo;Union europ\u00e9enne, en Is\u00e8re.<\/p>\n<p>Au moins \u00ab\u00a090 % des tabacs saisis \u00e9taient fumables au travers de manipulations simples \u00e0 la port\u00e9e de tout un chacun\u00a0\u00bb, selon les douanes.<\/p>\n<p>\u00c0 lire aussi   <img decoding=\"async\" src=\"https:\/\/www.europesays.com\/fr\/wp-content\/uploads\/2025\/08\/1756301712_23_560x315\" alt=\"Douane illustration\" style=\"--_image-preview:url('data:image\/jpeg;base64,\/9j\/2wBDACgcHiMeGSgjISMtKygwPGRBPDc3PHtYXUlkkYCZlo+AjIqgtObDoKrarYqMyP\/L2u71\/\/\/\/m8H\/\/\/\/6\/+b9\/\/j\/2wBDASstLTw1PHZBQXb4pYyl+Pj4+Pj4+Pj4+Pj4+Pj4+Pj4+Pj4+Pj4+Pj4+Pj4+Pj4+Pj4+Pj4+Pj4+Pj4+Pj4+Pj\/wAARCAAXACoDASIAAhEBAxEB\/8QAFwAAAwEAAAAAAAAAAAAAAAAAAAECA\/\/EABgQAQEBAQEAAAAAAAAAAAAAAAABEQIS\/8QAFgEBAQEAAAAAAAAAAAAAAAAAAQAC\/8QAFhEBAQEAAAAAAAAAAAAAAAAAAAER\/9oADAMBAAIRAxEAPwC4uVlqpSsa+k2p0tKLpGLGBI05QA3T0aAQcpgBP\/\/Z');\" loading=\"lazy\" fetchpriority=\"low\" aria-hidden=\"true\" class=\"svelte-1pnmlwx rounded\" onload=\"this.__e=event\" onerror=\"this.__e=event\"\/>\u00c0 lire aussi   <img decoding=\"async\" src=\"https:\/\/www.europesays.com\/fr\/wp-content\/uploads\/2025\/08\/1756301713_279_560x315\" alt=\"Les douaniers de Laon ont saisis 11,2 tonnes de cigarettes dans la nuit de vendredi \u00e0 samedi.\" style=\"--_image-preview:url('data:image\/jpeg;base64,\/9j\/2wBDACgcHiMeGSgjISMtKygwPGRBPDc3PHtYXUlkkYCZlo+AjIqgtObDoKrarYqMyP\/L2u71\/\/\/\/m8H\/\/\/\/6\/+b9\/\/j\/2wBDASstLTw1PHZBQXb4pYyl+Pj4+Pj4+Pj4+Pj4+Pj4+Pj4+Pj4+Pj4+Pj4+Pj4+Pj4+Pj4+Pj4+Pj4+Pj4+Pj4+Pj\/wAARCAAXACoDASIAAhEBAxEB\/8QAFgABAQEAAAAAAAAAAAAAAAAAAgEA\/8QAFhABAQEAAAAAAAAAAAAAAAAAAAER\/8QAFgEBAQEAAAAAAAAAAAAAAAAAAAEC\/8QAFREBAQAAAAAAAAAAAAAAAAAAAAH\/2gAMAwEAAhEDEQA\/ADUwqgLIUSQmaq62jaOgixmUKKzMqFo6zKj\/2Q==');\" loading=\"lazy\" fetchpriority=\"low\" aria-hidden=\"true\" class=\"svelte-1pnmlwx rounded\" onload=\"this.__e=event\" onerror=\"this.__e=event\"\/><\/p>\n","protected":false},"excerpt":{"rendered":"Plus de 4 tonnes de tabac ont \u00e9t\u00e9 saisis dans les locaux d&rsquo;une entreprise en p\u00e9riph\u00e9rie de Grenoble,&hellip;\n","protected":false},"author":2,"featured_media":347678,"comment_status":"","ping_status":"","sticky":false,"template":"","format":"standard","meta":{"footnotes":""},"categories":[9566],"tags":[1111,11,2430,1777,674,1011,27,2731,12,25],"class_list":{"0":"post-347677","1":"post","2":"type-post","3":"status-publish","4":"format-standard","5":"has-post-thumbnail","7":"category-grenoble","8":"tag-actu","9":"tag-actualites","10":"tag-auvergne-rhone-alpes","11":"tag-eu","12":"tag-europe","13":"tag-fr","14":"tag-france","15":"tag-grenoble","16":"tag-news","17":"tag-republique-francaise"},"share_on_mastodon":{"url":"https:\/\/pubeurope.com\/@fr\/115100996790051776","error":""},"_links":{"self":[{"href":"https:\/\/www.europesays.com\/fr\/wp-json\/wp\/v2\/posts\/347677","targetHints":{"allow":["GET"]}}],"collection":[{"href":"https:\/\/www.europesays.com\/fr\/wp-json\/wp\/v2\/posts"}],"about":[{"href":"https:\/\/www.europesays.com\/fr\/wp-json\/wp\/v2\/types\/post"}],"author":[{"embeddable":true,"href":"https:\/\/www.europesays.com\/fr\/wp-json\/wp\/v2\/users\/2"}],"replies":[{"embeddable":true,"href":"https:\/\/www.europesays.com\/fr\/wp-json\/wp\/v2\/comments?post=347677"}],"version-history":[{"count":0,"href":"https:\/\/www.europesays.com\/fr\/wp-json\/wp\/v2\/posts\/347677\/revisions"}],"wp:featuredmedia":[{"embeddable":true,"href":"https:\/\/www.europesays.com\/fr\/wp-json\/wp\/v2\/media\/347678"}],"wp:attachment":[{"href":"https:\/\/www.europesays.com\/fr\/wp-json\/wp\/v2\/media?parent=347677"}],"wp:term":[{"taxonomy":"category","embeddable":true,"href":"https:\/\/www.europesays.com\/fr\/wp-json\/wp\/v2\/categories?post=347677"},{"taxonomy":"post_tag","embeddable":true,"href":"https:\/\/www.europesays.com\/fr\/wp-json\/wp\/v2\/tags?post=347677"}],"curies":[{"name":"wp","href":"https:\/\/api.w.org\/{rel}","templated":true}]}}