{"id":347681,"date":"2025-08-27T13:37:16","date_gmt":"2025-08-27T13:37:16","guid":{"rendered":"https:\/\/www.europesays.com\/fr\/347681\/"},"modified":"2025-08-27T13:37:16","modified_gmt":"2025-08-27T13:37:16","slug":"ces-lycees-changent-leurs-horaires-de-cours-pour-desengorger-une-ligne-de-metro","status":"publish","type":"post","link":"https:\/\/www.europesays.com\/fr\/347681\/","title":{"rendered":"Ces lyc\u00e9es changent leurs horaires de cours pour d\u00e9sengorger une ligne de m\u00e9tro"},"content":{"rendered":"<p><strong>chantent les sardines &#8211; Les rames de la ligne B sont r\u00e9guli\u00e8rement bond\u00e9es le matin avant 8 heures et avant 9 heures<\/strong><\/p>\n<p>\u00ab\u00a0\u00c7a peut para\u00eetre anodin d\u2019avancer les cours de cinq minutes ou de les retarder de dix. Mais je peux vous assurer que c\u2019est un sacr\u00e9 travail\u00a0\u00bb. Voil\u00e0 plusieurs mois que les services de Rennes m\u00e9tropole se penchent sur la surfr\u00e9quentation matinale <a href=\"https:\/\/www.20minutes.fr\/dossier\/ligne_b?at_medium=RSS%20feed&amp;at_campaign=ynews&amp;utm_source=yahoo&amp;utm_medium=rss&amp;utm_campaign=news_feed&amp;utm_content=in_article_link\" rel=\"nofollow noopener\" target=\"_blank\" data-ylk=\"slk:de la ligne B du m\u00e9tro;elm:context_link;itc:0;sec:content-canvas\" class=\"link \">de la ligne B du m\u00e9tro<\/a>. Alors maintenant qu\u2019une solution d\u2019am\u00e9lioration a \u00e9t\u00e9 trouv\u00e9e, Nathalie App\u00e9r\u00e9 n\u2019a pas manqu\u00e9 de s\u2019en f\u00e9liciter et de remercier les directeurs des lyc\u00e9es concern\u00e9s. \u00ab\u00a0On avait un r\u00e9seau sous tension. Ce n\u2019est agr\u00e9able pour personne. Pour l\u2019usager, le confort est moindre. Ce n\u2019est jamais agr\u00e9able <a href=\"https:\/\/www.20minutes.fr\/rennes\/4107393-20240828-rennes-devenue-rame-66-mis-ligne-b-metro-arret?at_medium=RSS%20feed&amp;at_campaign=ynews&amp;utm_source=yahoo&amp;utm_medium=rss&amp;utm_campaign=news_feed&amp;utm_content=in_article_link\" rel=\"nofollow noopener\" target=\"_blank\" data-ylk=\"slk:de devoir laisser passer une ou deux rames;elm:context_link;itc:0;sec:content-canvas\" class=\"link \">de devoir laisser passer une ou deux rames<\/a> pour pouvoir y rentrer\u00a0\u00bb, explique la maire de Rennes.<\/p>\n<p>Entre 7h30 et 8 heures, puis entre 8h30 et 9 heures, plusieurs dizaines de voyageurs pouvaient ainsi rester sur le quai de la station Sainte-Anne, dans l\u2019incapacit\u00e9 de grimper dans des m\u00e9tros bond\u00e9s. \u00ab\u00a0Nous avons eu quelques retours d\u2019usagers. Les lyc\u00e9ens devaient partir plus t\u00f4t pour arriver \u00e0 l\u2019heure en cours\u00a0\u00bb, reconna\u00eet le vice-pr\u00e9sident d\u00e9l\u00e9gu\u00e9 aux transports Matthieu Theurier.<\/p>\n<p>\u00c0 quelques jours de la rentr\u00e9e, la collectivit\u00e9 a donc sign\u00e9 une convention avec quatre lyc\u00e9es (Assomption, La Salle, Joliot-Curie et Chateaubriand) qui ont accept\u00e9 de d\u00e9caler leurs heures de cours. Leurs \u00e9l\u00e8ves d\u00e9marreront soit un peu plus t\u00f4t, soit un peu plus tard, afin de r\u00e9duire cet hyperpic de fr\u00e9quentation matinal. \u00ab\u00a0D\u2019autres \u00e9tablissements pourront nous rejoindre par la suite\u00a0\u00bb, pr\u00e9vient Nathalie App\u00e9r\u00e9. Sur le seul tron\u00e7on entre la (&#8230;)<\/p>\n<p><a href=\"https:\/\/www.20minutes.fr\/rennes\/4169794-20250827-rennes-lycees-changent-horaires-cours-desengorger-ligne-metro?at_medium=RSS%20feed&amp;at_campaign=ynews&amp;utm_source=yahoo&amp;utm_medium=rss&amp;utm_campaign=news_feed&amp;utm_content=read_more_link&quot;\" rel=\"nofollow noopener\" target=\"_blank\" data-ylk=\"slk:Lire la suite sur 20minutes;elm:context_link;itc:0;sec:content-canvas\" class=\"link \">Lire la suite sur 20minutes<\/a><\/p>\n<p>\u00c0 lire aussi :<br \/><a href=\"https:\/\/www.20minutes.fr\/rennes\/4169616-20250827-rennes-routes-plus-embouteillees-ville-va-transformer?at_medium=RSS%20feed&amp;at_campaign=ynews&amp;utm_source=yahoo&amp;utm_medium=rss&amp;utm_campaign=news_feed&amp;utm_content=related_content_link\" rel=\"nofollow noopener\" target=\"_blank\" data-ylk=\"slk:Rennes\u00a0: L\u2019une des routes les plus embouteill\u00e9es de la ville va se transformer;elm:context_link;itc:0;sec:content-canvas\" class=\"link \">Rennes\u00a0: L\u2019une des routes les plus embouteill\u00e9es de la ville va se transformer<\/a><br \/><a href=\"https:\/\/www.20minutes.fr\/societe\/4163837-20250717-conduite-souple-rennes-bus-toujours-heure-tant-mieux?at_medium=RSS%20feed&amp;at_campaign=ynews&amp;utm_source=yahoo&amp;utm_medium=rss&amp;utm_campaign=news_feed&amp;utm_content=related_content_link\" rel=\"nofollow noopener\" target=\"_blank\" data-ylk=\"slk:\u00ab\u00a0Ayez une conduite souple\u00a0\u00bb\u2026 A Rennes, les bus ne sont pas toujours \u00e0 l\u2019heure et c\u2019est tant mieux;elm:context_link;itc:0;sec:content-canvas\" class=\"link \">\u00ab\u00a0Ayez une conduite souple\u00a0\u00bb\u2026 A Rennes, les bus ne sont pas toujours \u00e0 l\u2019heure et c\u2019est tant mieux<\/a><\/p>\n","protected":false},"excerpt":{"rendered":"chantent les sardines &#8211; Les rames de la ligne B sont r\u00e9guli\u00e8rement bond\u00e9es le matin avant 8 heures&hellip;\n","protected":false},"author":2,"featured_media":347682,"comment_status":"","ping_status":"","sticky":false,"template":"","format":"standard","meta":{"footnotes":""},"categories":[2821],"tags":[1111,11,829,1777,674,1011,27,10736,12,584,25],"class_list":{"0":"post-347681","1":"post","2":"type-post","3":"status-publish","4":"format-standard","5":"has-post-thumbnail","7":"category-rennes","8":"tag-actu","9":"tag-actualites","10":"tag-bretagne","11":"tag-eu","12":"tag-europe","13":"tag-fr","14":"tag-france","15":"tag-nathalie-appere","16":"tag-news","17":"tag-rennes","18":"tag-republique-francaise"},"share_on_mastodon":{"url":"https:\/\/pubeurope.com\/@fr\/115101004254125565","error":""},"_links":{"self":[{"href":"https:\/\/www.europesays.com\/fr\/wp-json\/wp\/v2\/posts\/347681","targetHints":{"allow":["GET"]}}],"collection":[{"href":"https:\/\/www.europesays.com\/fr\/wp-json\/wp\/v2\/posts"}],"about":[{"href":"https:\/\/www.europesays.com\/fr\/wp-json\/wp\/v2\/types\/post"}],"author":[{"embeddable":true,"href":"https:\/\/www.europesays.com\/fr\/wp-json\/wp\/v2\/users\/2"}],"replies":[{"embeddable":true,"href":"https:\/\/www.europesays.com\/fr\/wp-json\/wp\/v2\/comments?post=347681"}],"version-history":[{"count":0,"href":"https:\/\/www.europesays.com\/fr\/wp-json\/wp\/v2\/posts\/347681\/revisions"}],"wp:featuredmedia":[{"embeddable":true,"href":"https:\/\/www.europesays.com\/fr\/wp-json\/wp\/v2\/media\/347682"}],"wp:attachment":[{"href":"https:\/\/www.europesays.com\/fr\/wp-json\/wp\/v2\/media?parent=347681"}],"wp:term":[{"taxonomy":"category","embeddable":true,"href":"https:\/\/www.europesays.com\/fr\/wp-json\/wp\/v2\/categories?post=347681"},{"taxonomy":"post_tag","embeddable":true,"href":"https:\/\/www.europesays.com\/fr\/wp-json\/wp\/v2\/tags?post=347681"}],"curies":[{"name":"wp","href":"https:\/\/api.w.org\/{rel}","templated":true}]}}