{"id":347683,"date":"2025-08-27T13:38:10","date_gmt":"2025-08-27T13:38:10","guid":{"rendered":"https:\/\/www.europesays.com\/fr\/347683\/"},"modified":"2025-08-27T13:38:10","modified_gmt":"2025-08-27T13:38:10","slug":"cancer-cette-entreprise-developpe-des-vaccins-personnalises-une-nouvelle-arme-prometteuse-contre-les-tumeurs","status":"publish","type":"post","link":"https:\/\/www.europesays.com\/fr\/347683\/","title":{"rendered":"Cancer. Cette entreprise d\u00e9veloppe des vaccins personnalis\u00e9s, une nouvelle arme prometteuse contre les tumeurs"},"content":{"rendered":"<p>            Par<br \/>\n        <strong><br \/>\n            <a href=\"https:\/\/actu.fr\/auteur\/ivan-capecchi\" title=\"Consulter tous les articles de Ivan CAPECCHI\" rel=\"nofollow noopener\" target=\"_blank\">Ivan CAPECCHI<\/a><br \/>\n        <\/strong><\/p>\n<p>        Publi\u00e9 le<\/p>\n<p>            27 ao\u00fbt 2025 \u00e0 15h16        <\/p>\n<p>Un patient, un <a href=\"https:\/\/actu.fr\/tag\/cancer\" rel=\"nofollow noopener\" target=\"_blank\">cancer<\/a>, un <strong>vaccin<\/strong>. C\u2019est la promesse de la technologie d\u00e9velopp\u00e9e par <strong>Transgene<\/strong>, une soci\u00e9t\u00e9 de biotechnologie implant\u00e9e \u00e0 <strong>Illkirch-Graffenstaden<\/strong>, une commune de l\u2019<a href=\"https:\/\/actu.fr\/grand-est\/strasbourg_67482\/l-eurometropole-de-strasbourg-gere-t-elle-bien-l-argent-public-l-avis-de-ces-experts-vient-de-tomber_62231549.html\" rel=\"nofollow noopener\" target=\"_blank\">Eurom\u00e9tropole de Strasbourg<\/a>. Ce mercredi, lors d\u2019une conf\u00e9rence de presse, elle a pr\u00e9sent\u00e9 les derni\u00e8res avanc\u00e9es de son candidat-phare, <strong>\u00ab\u2009TG4050\u2009\u00bb<\/strong>, un<strong> vaccin th\u00e9rapeutique individualis\u00e9 actuellement en phase II d\u2019essai clinique<\/strong>.<\/p>\n<p>Un traitement qui s\u2019adresse \u00e0 des patients d\u00e9j\u00e0 trait\u00e9s pour un cancer<\/p>\n<p class=\" wall-content\">Contrairement aux vaccins classiques, con\u00e7us pour pr\u00e9venir une infection, <strong>celui-ci s\u2019adresse \u00e0 des patients d\u00e9j\u00e0 trait\u00e9s pour un cancer<\/strong>.<\/p>\n<p class=\" wall-content\">L\u2019objectif est <strong>d\u2019entra\u00eener le syst\u00e8me immunitaire \u00e0 reconna\u00eetre les cellules tumorales<\/strong> qui pourraient r\u00e9appara\u00eetre apr\u00e8s les traitements standards (chirurgie, radioth\u00e9rapie, chimioth\u00e9rapie) et ainsi <strong>\u00e9viter la rechute<\/strong>.<\/p>\n<p>\u00ab\u2009Individualis\u00e9\u2009\u00bb parce qu\u2019adapt\u00e9 \u00e0 chaque patient<\/p>\n<p class=\" wall-content\">Ce qui rend TG4050 \u00ab\u2009individualis\u00e9\u2009\u00bb, c\u2019est le fait qu\u2019il est <strong>fabriqu\u00e9 sp\u00e9cialement pour chaque patient<\/strong>.<\/p>\n<p class=\" wall-content\">\u00c0 partir d\u2019un morceau de la <strong>tumeur<\/strong>, les chercheurs <strong>rep\u00e8rent les anomalies<\/strong> propres au cancer de cette personne. Ces anomalies, appel\u00e9es <strong>n\u00e9oantig\u00e8nes<\/strong>, sont comme des <strong>signatures uniques<\/strong>.<\/p>\n<p class=\" wall-content\">Une trentaine de ces n\u00e9oantig\u00e8nes est choisie gr\u00e2ce \u00e0 une <strong>intelligence artificielle<\/strong>, puis <strong>ins\u00e9r\u00e9e dans un virus inoffensif qui sert de support<\/strong>.<\/p>\n<p>Votre r\u00e9gion, votre actu !<\/p>\n<p>Recevez chaque jour les infos qui comptent pour vous.<\/p>\n<p>\t<a href=\"https:\/\/actu.fr\/newsletter\" class=\"ac-btn ac-btn--corner ac-btn--medium ac-btn--blue800\" rel=\"nofollow noopener\" target=\"_blank\">S&rsquo;incrire<\/a><\/p>\n<p class=\" wall-content\">Une fois inject\u00e9 sous la peau, ce virus <strong>entra\u00eene le syst\u00e8me immunitaire \u00e0 reconna\u00eetre ces signatures<\/strong> et \u00e0 <strong>attaquer les cellules qui les portent<\/strong>.<\/p>\n<p>Des effets ind\u00e9sirables comparables \u00e0 un vaccin classique<\/p>\n<p class=\" wall-content\">Le traitement consiste en une<strong> vingtaine d\u2019injections sur presque un an<\/strong>.<\/p>\n<p class=\" wall-content\">Les<strong> effets ind\u00e9sirables observ\u00e9s<\/strong> \u00e0 ce stade sont <strong>l\u00e9gers<\/strong>, comparables \u00e0 ceux d\u2019un vaccin habituel\u2009: <strong>douleur locale, fatigue passag\u00e8re ou faible fi\u00e8vre<\/strong>.<\/p>\n<p>Des premiers r\u00e9sultats jug\u00e9s encourageants<\/p>\n<p class=\" wall-content\">Les premiers r\u00e9sultats sont jug\u00e9s encourageants.<\/p>\n<p class=\" wall-content\">Dans une \u00e9tude men\u00e9e sur des patients atteints de <strong>cancers de la t\u00eate et du cou<\/strong> op\u00e9r\u00e9s \u00e0 un stade pr\u00e9coce, <strong>aucun de ceux ayant re\u00e7u le vaccin n\u2019a connu de rechute apr\u00e8s deux ans de suivi<\/strong>, alors que plusieurs r\u00e9cidives sont apparues dans le groupe t\u00e9moin.<\/p>\n<p>Vers une commercialisation au d\u00e9but des ann\u00e9es 2030\u2009?<\/p>\n<p class=\" wall-content\">La phase II, en cours, doit confirmer ces observations sur un plus grand nombre de patients.<\/p>\n<p class=\" wall-content\">\u00c0 terme, Transgene esp\u00e8re <strong>\u00e9largir cette approche \u00e0 d\u2019autres cancers solides*<\/strong>.<\/p>\n<p class=\" wall-content\">Dans le sc\u00e9nario le plus favorable, une <strong>commercialisation<\/strong> pourrait intervenir au <strong>d\u00e9but des ann\u00e9es 2030<\/strong>.<\/p>\n<p class=\" wall-content\">*Un cancer solide d\u00e9signe une tumeur qui se d\u00e9veloppe dans un organe ou un tissu \u00ab\u2009solide\u2009\u00bb du corps (par opposition aux cancers dits h\u00e9matologiques, comme les leuc\u00e9mies, qui touchent le sang et la moelle osseuse).<\/p>\n<p class=\" wall-content\">Personnalisez votre actualit\u00e9 en ajoutant vos villes et m\u00e9dias en favori avec <a href=\"https:\/\/moncompte.actu.fr\" title=\"D\u00e9couvez Mon Actu\" rel=\"nofollow noopener\" data-trk=\"{&quot;cta&quot;:{&quot;action&quot;:&quot;https:\\\/\\\/moncompte.actu.fr&quot;,&quot;category&quot;:&quot;mon compte&quot;,&quot;from&quot;:&quot;article footer&quot;,&quot;name&quot;:&quot;Mon actu&quot;,&quot;type&quot;:&quot;cta&quot;}}\" target=\"_blank\">Mon Actu<\/a>.<\/p>\n","protected":false},"excerpt":{"rendered":"Par Ivan CAPECCHI Publi\u00e9 le 27 ao\u00fbt 2025 \u00e0 15h16 Un patient, un cancer, un vaccin. C\u2019est la&hellip;\n","protected":false},"author":2,"featured_media":347684,"comment_status":"","ping_status":"","sticky":false,"template":"","format":"standard","meta":{"footnotes":""},"categories":[2820],"tags":[1111,11,101,1777,674,1011,27,775,12,25,71,104,640],"class_list":{"0":"post-347683","1":"post","2":"type-post","3":"status-publish","4":"format-standard","5":"has-post-thumbnail","7":"category-strasbourg","8":"tag-actu","9":"tag-actualites","10":"tag-cancer","11":"tag-eu","12":"tag-europe","13":"tag-fr","14":"tag-france","15":"tag-grand-est","16":"tag-news","17":"tag-republique-francaise","18":"tag-sante","19":"tag-societe","20":"tag-strasbourg"},"share_on_mastodon":{"url":"https:\/\/pubeurope.com\/@fr\/115101008132812542","error":""},"_links":{"self":[{"href":"https:\/\/www.europesays.com\/fr\/wp-json\/wp\/v2\/posts\/347683","targetHints":{"allow":["GET"]}}],"collection":[{"href":"https:\/\/www.europesays.com\/fr\/wp-json\/wp\/v2\/posts"}],"about":[{"href":"https:\/\/www.europesays.com\/fr\/wp-json\/wp\/v2\/types\/post"}],"author":[{"embeddable":true,"href":"https:\/\/www.europesays.com\/fr\/wp-json\/wp\/v2\/users\/2"}],"replies":[{"embeddable":true,"href":"https:\/\/www.europesays.com\/fr\/wp-json\/wp\/v2\/comments?post=347683"}],"version-history":[{"count":0,"href":"https:\/\/www.europesays.com\/fr\/wp-json\/wp\/v2\/posts\/347683\/revisions"}],"wp:featuredmedia":[{"embeddable":true,"href":"https:\/\/www.europesays.com\/fr\/wp-json\/wp\/v2\/media\/347684"}],"wp:attachment":[{"href":"https:\/\/www.europesays.com\/fr\/wp-json\/wp\/v2\/media?parent=347683"}],"wp:term":[{"taxonomy":"category","embeddable":true,"href":"https:\/\/www.europesays.com\/fr\/wp-json\/wp\/v2\/categories?post=347683"},{"taxonomy":"post_tag","embeddable":true,"href":"https:\/\/www.europesays.com\/fr\/wp-json\/wp\/v2\/tags?post=347683"}],"curies":[{"name":"wp","href":"https:\/\/api.w.org\/{rel}","templated":true}]}}