{"id":347685,"date":"2025-08-27T13:39:25","date_gmt":"2025-08-27T13:39:25","guid":{"rendered":"https:\/\/www.europesays.com\/fr\/347685\/"},"modified":"2025-08-27T13:39:25","modified_gmt":"2025-08-27T13:39:25","slug":"derniers-jours-les-marqueteries-d-antoine-gentner-exposition-a-strasbourg","status":"publish","type":"post","link":"https:\/\/www.europesays.com\/fr\/347685\/","title":{"rendered":"Derniers jours : Les marqueteries d Antoine Gentner : Exposition a Strasbourg"},"content":{"rendered":"<p>\t\t\t\t\t\t\t\t\t<a href=\"https:\/\/www.dna.fr\/pour-sortir\/loisirs\/Exposition\/Autres-expositions\/Alsace\/Bas-rhin\/Strasbourg\/2025\/08\/27\/javascript:history.back();\" rel=\"nofollow noopener\" class=\"backToSearch\" target=\"_blank\">Retour \u00e0 la recherche<\/a><\/p>\n<p class=\"media-desc\" itemprop=\"description\">&#13;<br \/>\n\t\t\t\t\tLes marqueteries d&rsquo;Antoine Gentner : visites comment\u00e9es en pr\u00e9sence de l&rsquo;artiste le samedi 6 septembre \u00e0 partir de 14 h.&#13;<br \/>\n\t\t\t\t\t\t\t\t\t\t\t&#13;<br \/>\n\t\t\t\t\t\t\t\t\t\tArchitecte, musicien, marqueteur, Antoine Gentner aime transgresser les limites entre des arts qui ont en commun le rythme, l&rsquo;harmonie, la texture et l&rsquo;\u00e9nergie. Par l&rsquo;observation du bois, de ses teintes, de ses textures, l&rsquo;artiste laisse surgir dans ses \u0153uvres des silhouettes, des mouvements, des paysages int\u00e9rieurs. Cette exposition tente de d\u00e9montrer que l&rsquo;\u0153uvre d&rsquo;art n&rsquo;est pas l&rsquo;objet, mais le chemin de sa cr\u00e9ation. Portraits ( \u00ab Albert Schweitzer \u00bb, \u00ab C\u00e9sar Geoffray \u00bb), architecture ( \u00abLe chien de la cath\u00e9drale \u00bb), nature, cr\u00e9ations m\u00e9taphysiques ( \u00ab L&rsquo;histoire de la Cr\u00e9ation \u00bb), font voyager le visiteurs dans des univers po\u00e9tiques insoup\u00e7onn\u00e9s. Entr\u00e9e libre tous les jours. &#13;\n\t\t\t\t  <\/p>\n","protected":false},"excerpt":{"rendered":"Retour \u00e0 la recherche &#13; Les marqueteries d&rsquo;Antoine Gentner : visites comment\u00e9es en pr\u00e9sence de l&rsquo;artiste le samedi&hellip;\n","protected":false},"author":2,"featured_media":347686,"comment_status":"","ping_status":"","sticky":false,"template":"","format":"standard","meta":{"footnotes":""},"categories":[2820],"tags":[1111,11,1777,674,1011,27,775,12,25,640],"class_list":{"0":"post-347685","1":"post","2":"type-post","3":"status-publish","4":"format-standard","5":"has-post-thumbnail","7":"category-strasbourg","8":"tag-actu","9":"tag-actualites","10":"tag-eu","11":"tag-europe","12":"tag-fr","13":"tag-france","14":"tag-grand-est","15":"tag-news","16":"tag-republique-francaise","17":"tag-strasbourg"},"share_on_mastodon":{"url":"https:\/\/pubeurope.com\/@fr\/115101012068191579","error":""},"_links":{"self":[{"href":"https:\/\/www.europesays.com\/fr\/wp-json\/wp\/v2\/posts\/347685","targetHints":{"allow":["GET"]}}],"collection":[{"href":"https:\/\/www.europesays.com\/fr\/wp-json\/wp\/v2\/posts"}],"about":[{"href":"https:\/\/www.europesays.com\/fr\/wp-json\/wp\/v2\/types\/post"}],"author":[{"embeddable":true,"href":"https:\/\/www.europesays.com\/fr\/wp-json\/wp\/v2\/users\/2"}],"replies":[{"embeddable":true,"href":"https:\/\/www.europesays.com\/fr\/wp-json\/wp\/v2\/comments?post=347685"}],"version-history":[{"count":0,"href":"https:\/\/www.europesays.com\/fr\/wp-json\/wp\/v2\/posts\/347685\/revisions"}],"wp:featuredmedia":[{"embeddable":true,"href":"https:\/\/www.europesays.com\/fr\/wp-json\/wp\/v2\/media\/347686"}],"wp:attachment":[{"href":"https:\/\/www.europesays.com\/fr\/wp-json\/wp\/v2\/media?parent=347685"}],"wp:term":[{"taxonomy":"category","embeddable":true,"href":"https:\/\/www.europesays.com\/fr\/wp-json\/wp\/v2\/categories?post=347685"},{"taxonomy":"post_tag","embeddable":true,"href":"https:\/\/www.europesays.com\/fr\/wp-json\/wp\/v2\/tags?post=347685"}],"curies":[{"name":"wp","href":"https:\/\/api.w.org\/{rel}","templated":true}]}}