{"id":347687,"date":"2025-08-27T13:40:13","date_gmt":"2025-08-27T13:40:13","guid":{"rendered":"https:\/\/www.europesays.com\/fr\/347687\/"},"modified":"2025-08-27T13:40:13","modified_gmt":"2025-08-27T13:40:13","slug":"des-nouvelles-de-dipteratech-a-lheure-ou-les-moustiques-reprennent-du-poil-de-la-bete","status":"publish","type":"post","link":"https:\/\/www.europesays.com\/fr\/347687\/","title":{"rendered":"Des nouvelles de Dipteratech, \u00e0 l&rsquo;heure o\u00f9 les moustiques reprennent du poil de la b\u00eate"},"content":{"rendered":"<p>\t\t\t\t\t\t\t\t\u00c0 la t\u00eate de Dipteratech depuis janvier, Lionel Benbassat imprime sa marque \u00e0 l\u2019entreprise de Cagnes-sur-Mer, connue pour son dispositif anti-moustiques BioBelt. Avec une lev\u00e9e de fonds soutenue par ses clients et une strat\u00e9gie orient\u00e9e vers l\u2019h\u00f4tellerie haut de gamme et l\u2019international, la soci\u00e9t\u00e9 veut changer d\u2019\u00e9chelle.\t\t\t\t\t\t\t<\/p>\n<p style=\"text-align: justify;\">&#13;<br \/>\nApr\u00e8s plus de vingt ans dans la communication et le marketing,\u00a0Lionel Benbassat a pris en janvier la direction g\u00e9n\u00e9rale de Dipteratech, entreprise cagnoise qui emploie 16 salari\u00e9s et d\u00e9veloppe depuis 15 ans le dispositif <a href=\"https:\/\/biobelt.com\/\" target=\"_blank\" rel=\"nofollow noopener\"><strong>BioBelt<\/strong><\/a>, un syst\u00e8me brevet\u00e9 de ceintures de pi\u00e8ges qui recr\u00e9ent un p\u00e9rim\u00e8tre invisible et sans moustiques. Associ\u00e9 historique de la soci\u00e9t\u00e9, il conna\u00eet ses fondamentaux : \u00ab\u00a0BioBelt est commercialis\u00e9 depuis une dizaine d\u2019ann\u00e9es, nous entrons d\u00e9sormais dans une phase d\u2019acc\u00e9l\u00e9ration. Les fondateurs avaient besoin de passer le relais, et ce changement de gouvernance co\u00efncide avec notre lev\u00e9e de fonds\u00a0\u00bb.<\/p>\n<p style=\"text-align: justify;\">\u00a0<\/p>\n<p><img decoding=\"async\" alt=\"\u00a9 Fran\u00e7ois Ollivier\" src=\"https:\/\/www.europesays.com\/fr\/wp-content\/uploads\/2025\/08\/20250827143138-portrait-lionel-benbassat.jpg\" style=\"width: 120px; height: 114px; margin: 5px 10px; float: left;\"\/><\/p>\n<p>\u00ab\u00a0Avec BioBelt, nous entrons en phase d&rsquo;acc\u00e9l\u00e9ration\u00a0\u00bb\u00a0<\/p>\n<p>&#8211; Lionel Benbassat<\/p>\n<p>\u00a0<\/p>\n<p>\u00a0<\/p>\n<p>\u00a0<\/p>\n<p>\u00a0<\/p>\n<p><strong>BioBelt, mode d\u2019emploi<\/strong><\/p>\n<p data-end=\"2386\" data-start=\"1929\">La technologie phare de Dipteratech repose sur un principe brevet\u00e9 de mise en r\u00e9seau de pi\u00e8ges. il\u00a0repose sur un r\u00e9seau de modules pi\u00e8ges install\u00e9s autour de la zone \u00e0 prot\u00e9ger. Ces modules \u00e9mettent du dioxyde de carbone et des compos\u00e9s volatils imitant la pr\u00e9sence humaine, ce qui attire les moustiques. Une fois attir\u00e9s, les insectes sont aspir\u00e9s et pi\u00e9g\u00e9s dans un filet, o\u00f9 ils se d\u00e9shydratent. Gr\u00e2ce \u00e0 ce syst\u00e8me en r\u00e9seau, BioBelt\u00a0cr\u00e9e une barri\u00e8re invisible capable de prot\u00e9ger efficacement des espaces allant de petites propri\u00e9t\u00e9s jusqu\u2019\u00e0 plusieurs hectares, sans recours aux insecticides chimiques.<\/p>\n<p style=\"text-align: justify;\">\u00a0<\/p>\n<p style=\"text-align: justify;\">\u00a0<\/p>\n<p>Une lev\u00e9e de fonds soutenue par les clients<\/p>\n<p style=\"text-align: justify;\">Dipteratech a finalis\u00e9 deux tranches de lev\u00e9e de fonds, en f\u00e9vrier puis en juillet,<a href=\"https:\/\/tribuca.net\/entreprises_140823517-700000-euros-pour-eradiquer-durablement-les-moustiques\" target=\"_blank\" rel=\"nofollow noopener\"><strong> pour un montant cumul\u00e9 de plus de 600.000 euros<\/strong><\/a>. Particularit\u00e9 notable : sept de ses propres clients ont investi au capital. \u00ab\u00a0C\u2019est une premi\u00e8re pour nous. Le fait que nos clients deviennent actionnaires est un signe fort de confiance dans notre technologie et notre capacit\u00e9 \u00e0 grandir\u00a0\u00bb, souligne Lionel Benbassat.\u00a0Une troisi\u00e8me tranche est en pr\u00e9paration, avec un objectif d\u2019un million d\u2019euros lev\u00e9s d\u2019ici la fin de l\u2019ann\u00e9e. Ces fonds doivent soutenir trois priorit\u00e9s : la recherche et d\u00e9veloppement, la structuration op\u00e9rationnelle et le d\u00e9veloppement commercial, notamment \u00e0 l\u2019international.<\/p>\n<p data-end=\"1823\" data-start=\"1419\" style=\"text-align: justify;\">\u00a0<\/p>\n<p><img decoding=\"async\" alt=\"\u00a9 Fran\u00e7ois Ollivier\" src=\"https:\/\/www.europesays.com\/fr\/wp-content\/uploads\/2025\/08\/20250827143930-copie-de-bon-cadre-photo-article-web---2025-08-27t143847-578.jpg\"\/>All\u00e9e du domaine du Mas de Pierre prot\u00e9g\u00e9e par BioBelt, totalement invisible.\u00a0\u00a9 Fran\u00e7ois Ollivier<\/p>\n<p>\u00a0<\/p>\n<p>Un mix B2B \/ B2C<\/p>\n<p data-end=\"1823\" data-start=\"1419\" style=\"text-align: justify;\">Aujourd\u2019hui, Dipteratech compte deux typologies de clients. 80% d&rsquo;entre eux\u00a0sont des particuliers, principalement propri\u00e9taires de villas de prestige, et 20% sont des professionnels (h\u00f4teliers\u00a0et restaurateurs). La strat\u00e9gie vise d\u00e9sormais \u00e0 r\u00e9\u00e9quilibrer ce portefeuille : \u00ab\u00a0Nous voulons acc\u00e9l\u00e9rer sur le B2B, en particulier aupr\u00e8s des h\u00f4tels et des r\u00e9sidences de standing. Cette ann\u00e9e, nous avons lanc\u00e9\u00a0une offre d\u2019abonnement mensuel, sans investissement initial, qui s\u00e9duit d\u00e9j\u00e0 de nombreux \u00e9tablissements\u00a0\u00bb, pr\u00e9cise le dirigeant.<\/p>\n<p data-end=\"3319\" data-start=\"2896\" style=\"text-align: justify;\">Si l&rsquo;entreprise est d\u00e9j\u00e0 implant\u00e9e dans plusieurs r\u00e9gions fran\u00e7aises ainsi qu\u2019en Italie\u00a0et \u00e0 Ibiza, elle veut tout d&rsquo;abord consolider ces zones avant de s&rsquo;\u00e9tendre en\u00a0renfor\u00e7ant\u00a0sa pr\u00e9sence en M\u00e9diterran\u00e9e et viser d&rsquo;autres march\u00e9s europ\u00e9ens. \u00ab\u00a0L\u2019international hors Europe est un objectif \u00e0 l\u2019horizon 2026-2027.\u00a0\u00bb<\/p>\n<p data-end=\"3559\" data-start=\"3321\" style=\"text-align: justify;\">En parall\u00e8le, l\u2019entreprise poursuit un effort constant en R&amp;D pour affiner les aspects techniques et entomologiques de la solution pour gagner en efficacit\u00e9.\u00a0\u00ab\u00a0Nous travaillons sur des d\u00e9veloppements de software\u00a0ainsi que sur des r\u00e9flexions sur le design\u00a0du pi\u00e8ge\u00a0\u00bb, pr\u00e9cise t-il.\u00a0<\/p>\n<p data-end=\"3559\" data-start=\"3321\" style=\"text-align: justify;\">&#13;<br \/>\n\u00a0<\/p>\n<p data-end=\"2386\" data-start=\"1929\"><strong data-end=\"3052\" data-start=\"2990\">Un contexte marqu\u00e9 par la prolif\u00e9ration du moustique tigre<\/strong><\/p>\n<p data-end=\"2386\" data-start=\"1929\">Le d\u00e9ploiement de solutions comme BioBelt\u00a0intervient dans un contexte sanitaire pr\u00e9occupant. Le moustique tigre (Aedes albopictus), install\u00e9 dans 81 d\u00e9partements fran\u00e7ais, poursuit sa progression. <a href=\"https:\/\/sante.gouv.fr\/sante-et-environnement\/risques-microbiologiques-physiques-et-chimiques\/especes-nuisibles-et-parasites\/article\/cartes-de-presence-du-moustique-tigre-aedes-albopictus-en-france-metropolitaine\" target=\"_blank\" rel=\"nofollow noopener\"><strong>Selon Sant\u00e9 Publique France<\/strong><\/a>, l\u2019\u00e9t\u00e9 2025 a d\u00e9j\u00e0 connu plusieurs \u00e9pisodes de transmission locale de la dengue et du chikungunya dans le sud du pays. L\u2019Organisation mondiale de la sant\u00e9 alerte \u00e9galement sur la diffusion rapide de ces maladies vectorielles en Europe.\u00a0Cette prolif\u00e9ration est favoris\u00e9e par la hausse des temp\u00e9ratures et l\u2019allongement de la saison de reproduction. Dans les Alpes-Maritimes comme ailleurs, les autorit\u00e9s sanitaires recommandent de supprimer les eaux stagnantes et de renforcer les mesures de protection individuelles.<\/p>\n<p data-end=\"2386\" data-start=\"1929\">\u00a0<\/p>\n<p data-end=\"2386\" data-start=\"1929\"><img decoding=\"async\" alt=\"\" src=\"https:\/\/www.europesays.com\/fr\/wp-content\/uploads\/2025\/08\/20250826184824-capture-d\u2019ecran-2025-08-26-184801.jpg\" style=\"height: 400px; width: 400px;\"\/><\/p>\n<p data-end=\"2386\" data-start=\"1929\" style=\"text-align: right;\">source Sante.gouv<\/p>\n<p>\u00a0<\/p>\n<p>Une saison 2026 d\u00e9j\u00e0 en pr\u00e9paration<\/p>\n<p style=\"text-align: justify;\">La fin d\u2019ann\u00e9e 2025 sera consacr\u00e9e \u00e0 la pr\u00e9paration de la prochaine saison. L\u2019objectif : intensifier les actions commerciales d\u00e8s l\u2019automne et multiplier les installations avant le printemps. \u00ab\u00a0Le moustique est un sujet saisonnier. Pour \u00eatre pr\u00eats d\u00e8s le printemps, nous concentrons nos efforts sur l\u2019arri\u00e8re-saison afin d\u2019anticiper les besoins des clients\u00a0\u00bb, souligne le directeur g\u00e9n\u00e9ral.<\/p>\n<p data-end=\"881\" data-start=\"555\" style=\"text-align: justify;\">Avec un positionnement haut de gamme assum\u00e9 et une base d\u2019investisseurs convaincus, Dipteratech esp\u00e8re franchir un cap d\u00e9cisif et s\u2019imposer comme un acteur incontournable.<\/p>\n<p data-end=\"881\" data-start=\"555\" style=\"text-align: justify;\">\u00a0<\/p>\n","protected":false},"excerpt":{"rendered":"\u00c0 la t\u00eate de Dipteratech depuis janvier, Lionel Benbassat imprime sa marque \u00e0 l\u2019entreprise de Cagnes-sur-Mer, connue pour&hellip;\n","protected":false},"author":2,"featured_media":347688,"comment_status":"","ping_status":"","sticky":false,"template":"","format":"standard","meta":{"footnotes":""},"categories":[2819],"tags":[1111,11,1777,674,1011,27,12,2401,882,25],"class_list":{"0":"post-347687","1":"post","2":"type-post","3":"status-publish","4":"format-standard","5":"has-post-thumbnail","7":"category-nice","8":"tag-actu","9":"tag-actualites","10":"tag-eu","11":"tag-europe","12":"tag-fr","13":"tag-france","14":"tag-news","15":"tag-nice","16":"tag-provence-alpes-cote-dazur","17":"tag-republique-francaise"},"share_on_mastodon":{"url":"https:\/\/pubeurope.com\/@fr\/115101016640883259","error":""},"_links":{"self":[{"href":"https:\/\/www.europesays.com\/fr\/wp-json\/wp\/v2\/posts\/347687","targetHints":{"allow":["GET"]}}],"collection":[{"href":"https:\/\/www.europesays.com\/fr\/wp-json\/wp\/v2\/posts"}],"about":[{"href":"https:\/\/www.europesays.com\/fr\/wp-json\/wp\/v2\/types\/post"}],"author":[{"embeddable":true,"href":"https:\/\/www.europesays.com\/fr\/wp-json\/wp\/v2\/users\/2"}],"replies":[{"embeddable":true,"href":"https:\/\/www.europesays.com\/fr\/wp-json\/wp\/v2\/comments?post=347687"}],"version-history":[{"count":0,"href":"https:\/\/www.europesays.com\/fr\/wp-json\/wp\/v2\/posts\/347687\/revisions"}],"wp:featuredmedia":[{"embeddable":true,"href":"https:\/\/www.europesays.com\/fr\/wp-json\/wp\/v2\/media\/347688"}],"wp:attachment":[{"href":"https:\/\/www.europesays.com\/fr\/wp-json\/wp\/v2\/media?parent=347687"}],"wp:term":[{"taxonomy":"category","embeddable":true,"href":"https:\/\/www.europesays.com\/fr\/wp-json\/wp\/v2\/categories?post=347687"},{"taxonomy":"post_tag","embeddable":true,"href":"https:\/\/www.europesays.com\/fr\/wp-json\/wp\/v2\/tags?post=347687"}],"curies":[{"name":"wp","href":"https:\/\/api.w.org\/{rel}","templated":true}]}}