{"id":347689,"date":"2025-08-27T13:41:11","date_gmt":"2025-08-27T13:41:11","guid":{"rendered":"https:\/\/www.europesays.com\/fr\/347689\/"},"modified":"2025-08-27T13:41:11","modified_gmt":"2025-08-27T13:41:11","slug":"mort-de-jean-pormanove-les-obseques-ont-eu-lieu-ce-mercredi-a-nice-en-presence-de-son-co-streameur-naruto","status":"publish","type":"post","link":"https:\/\/www.europesays.com\/fr\/347689\/","title":{"rendered":"Mort de Jean Pormanove\u00a0: les obs\u00e8ques ont eu lieu ce mercredi \u00e0 Nice en pr\u00e9sence de son co-streameur Naruto"},"content":{"rendered":"<p>\n                                                                Les obs\u00e8ques du vid\u00e9aste de 46 ans, mort en direct sur la plateforme Kick, se sont d\u00e9roul\u00e9es ce jour dans la plus stricte intimit\u00e9.\n                            <\/p>\n<p>Une semaine apr\u00e8s la mort tragique du streamer Jean Pormanove dit \u00ab\u00a0JP\u00a0\u00bb en direct sur la plateforme Kick, les obs\u00e8ques ont eu lieu ce mercredi 27\u00a0septembre \u00e0 Nice (Alpes-Maritimes), a-t-on appris de <a href=\"https:\/\/www.bfmtv.com\/tech\/actualites\/reseaux-sociaux\/info-bfmtv-les-obseques-de-jean-pormanove-ont-eu-lieu-a-nice-ce-mercredi-en-presence-de-son-co-streameur-naruto_AV-202508270490.html?at_brand=BFMTV&amp;at_compte=BFMTV&amp;at_plateforme=twitter&amp;at_campaign=Fan_pages&amp;at_medium=Community_Management\" target=\"_self\" rel=\"nofollow noopener\">BFMTV.<\/a><\/p>\n<p>Elles ont eu lieu dans la plus stricte intimit\u00e9. Les obs\u00e8ques du vid\u00e9aste Jean Pormanove, de son vrai nom Rapha\u00ebl Graven, ont eu lieu ce mercredi dans l\u2019apr\u00e8s-midi, \u00e0 Nice. Le streameur a \u00e9t\u00e9 incin\u00e9r\u00e9 devant 25 personnes pr\u00e9sentes dont sa famille et Naruto, l\u2019un des deux co-streameurs de l\u2019homme d\u00e9c\u00e9d\u00e9 \u00e0 l\u2019\u00e2ge de 46 ans.<\/p>\n<p class=\"std-elt__inline\">\n        <strong>\u00c0 lire aussi :<\/strong><br \/>\n        <a href=\"https:\/\/www.lindependant.fr\/2025\/08\/22\/mort-de-jean-pormanove-un-homme-qui-meurt-en-direct-cest-terrible-mais-ce-nest-pas-un-scandale-la-defense-hasardeuse-de-son-collegue-streamer-12888952.php\" rel=\"nofollow noopener\" target=\"_blank\">Mort de Jean Pormanove\u00a0: \u00ab\u00a0Un homme qui meurt en direct, c\u2019est terrible, mais ce n\u2019est pas un scandale\u00a0\u00bb, la d\u00e9fense hasardeuse de son coll\u00e8gue streamer NarutoVie<\/a>\n    <\/p>\n<p>La plateforme Kick dans le viseur des autorit\u00e9s<\/p>\n<p>Jean Pormanove a \u00e9t\u00e9 retrouv\u00e9 mort apr\u00e8s une session de stream longue de douze jours. Durant celle-ci, le quarantenaire faisait r\u00e9guli\u00e8rement l\u2019objet de violences physiques et psychologiques de la part de ses co-streameurs, Naruto et Safine.<\/p>\n<p>L\u2019autopsie demand\u00e9e par le parquet de Nice a \u00e9cart\u00e9 l\u2019intervention d\u2019un tiers dans la mort du streamer. Les deux co-streameurs sont, \u00e0 ce jour, pas mis en cause de la justice.<\/p>\n<p class=\"std-elt__inline\">\n        <strong>\u00c0 lire aussi :<\/strong><br \/>\n        <a href=\"https:\/\/www.lindependant.fr\/2025\/08\/24\/mort-de-jean-pormanove-legalite-des-contenus-mis-en-ligne-plateforme-installee-hors-de-france-pourquoi-larcom-na-pas-de-competence-directe-sur-les-12891536.php\" rel=\"nofollow noopener\" target=\"_blank\">Mort de Jean Pormanove\u00a0: l\u00e9galit\u00e9 des contenus mis en ligne, plateforme install\u00e9e hors de France\u2026 Pourquoi l\u2019Arcom n\u2019a pas de \u00ab\u00a0comp\u00e9tence directe\u00a0\u00bb sur les diffusions sur Kick\u00a0?<\/a>\n    <\/p>\n<p>En revanche, la plateforme Kick est dans le viseur de deux enqu\u00eates dont une ouverte par le parquet de Paris (\u00cele-de-France) pour faire lumi\u00e8re sur cette affaire et d\u00e9terminer si la plateforme de streaming avait connaissance de la nature du contenu publi\u00e9. Kick a annonc\u00e9 ce m\u00eame jour son intention de \u00ab\u00a0coop\u00e9rer avec les autorit\u00e9s comp\u00e9tentes\u00a0\u00bb dans le cadre de \u00ab\u00a0toute enqu\u00eate en cours\u00a0\u00bb, rapportait ce matin l\u2019AFP.<\/p>\n<p>Par ailleurs, la plateforme de streaming a d\u00fb proc\u00e9der <a href=\"https:\/\/www.lindependant.fr\/2025\/08\/27\/mort-de-jean-pormanove-apres-le-deces-du-streamer-en-direct-sur-kick-la-plateforme-bannit-un-couple-espagnol-pour-violation-de-ses-conditions-12896004.php\" target=\"_self\" rel=\"nofollow noopener\">au bannissement d\u2019un couple d\u2019Espagnols <\/a>apr\u00e8s un stream \u00ab\u00a0inappropri\u00e9s\u00a0\u00bb, \u00ab\u00a0d\u00e9passant les limites de l\u2019acceptable\u00a0\u00bb.<\/p>\n","protected":false},"excerpt":{"rendered":"Les obs\u00e8ques du vid\u00e9aste de 46 ans, mort en direct sur la plateforme Kick, se sont d\u00e9roul\u00e9es ce&hellip;\n","protected":false},"author":2,"featured_media":347690,"comment_status":"","ping_status":"","sticky":false,"template":"","format":"standard","meta":{"footnotes":""},"categories":[2819],"tags":[1111,11,1777,674,1011,27,12,2401,882,25],"class_list":{"0":"post-347689","1":"post","2":"type-post","3":"status-publish","4":"format-standard","5":"has-post-thumbnail","7":"category-nice","8":"tag-actu","9":"tag-actualites","10":"tag-eu","11":"tag-europe","12":"tag-fr","13":"tag-france","14":"tag-news","15":"tag-nice","16":"tag-provence-alpes-cote-dazur","17":"tag-republique-francaise"},"share_on_mastodon":{"url":"https:\/\/pubeurope.com\/@fr\/115101019915786613","error":""},"_links":{"self":[{"href":"https:\/\/www.europesays.com\/fr\/wp-json\/wp\/v2\/posts\/347689","targetHints":{"allow":["GET"]}}],"collection":[{"href":"https:\/\/www.europesays.com\/fr\/wp-json\/wp\/v2\/posts"}],"about":[{"href":"https:\/\/www.europesays.com\/fr\/wp-json\/wp\/v2\/types\/post"}],"author":[{"embeddable":true,"href":"https:\/\/www.europesays.com\/fr\/wp-json\/wp\/v2\/users\/2"}],"replies":[{"embeddable":true,"href":"https:\/\/www.europesays.com\/fr\/wp-json\/wp\/v2\/comments?post=347689"}],"version-history":[{"count":0,"href":"https:\/\/www.europesays.com\/fr\/wp-json\/wp\/v2\/posts\/347689\/revisions"}],"wp:featuredmedia":[{"embeddable":true,"href":"https:\/\/www.europesays.com\/fr\/wp-json\/wp\/v2\/media\/347690"}],"wp:attachment":[{"href":"https:\/\/www.europesays.com\/fr\/wp-json\/wp\/v2\/media?parent=347689"}],"wp:term":[{"taxonomy":"category","embeddable":true,"href":"https:\/\/www.europesays.com\/fr\/wp-json\/wp\/v2\/categories?post=347689"},{"taxonomy":"post_tag","embeddable":true,"href":"https:\/\/www.europesays.com\/fr\/wp-json\/wp\/v2\/tags?post=347689"}],"curies":[{"name":"wp","href":"https:\/\/api.w.org\/{rel}","templated":true}]}}