{"id":347700,"date":"2025-08-27T13:47:11","date_gmt":"2025-08-27T13:47:11","guid":{"rendered":"https:\/\/www.europesays.com\/fr\/347700\/"},"modified":"2025-08-27T13:47:11","modified_gmt":"2025-08-27T13:47:11","slug":"pres-de-toulouse-un-jeune-homme-interpelle-apres-avoir-poignarde-son-frere-aine","status":"publish","type":"post","link":"https:\/\/www.europesays.com\/fr\/347700\/","title":{"rendered":"Pr\u00e8s de Toulouse. Un jeune homme interpell\u00e9 apr\u00e8s avoir poignard\u00e9 son fr\u00e8re a\u00een\u00e9"},"content":{"rendered":"<p>            Par<br \/>\n        <strong><br \/>\n            <a href=\"https:\/\/actu.fr\/auteur\/lucie-2\" title=\"Consulter tous les articles de Lucie Fraisse\" rel=\"nofollow noopener\" target=\"_blank\">Lucie Fraisse<\/a><br \/>\n        <\/strong><\/p>\n<p>        Publi\u00e9 le<\/p>\n<p>            27 ao\u00fbt 2025 \u00e0 15h00        <\/p>\n<p>Un jeune homme d\u2019une vingtaine d\u2019ann\u00e9es a \u00e9t\u00e9 interpell\u00e9 apr\u00e8s avoir port\u00e9 plusieurs coups de couteau \u00e0 son fr\u00e8re a\u00een\u00e9, dans la commune de <a href=\"https:\/\/actu.fr\/occitanie\/mondonville_31351\" rel=\"nofollow noopener\" target=\"_blank\">Mondonville<\/a> (Haute-Garonne), selon <a href=\"https:\/\/www.ladepeche.fr\/2025\/08\/27\/info-la-depeche-un-jeune-homme-de-18-ans-tue-son-frere-dun-coup-de-couteau-a-la-gorge-12895924.php\" rel=\"nofollow noopener\" target=\"_blank\">une information de\u00a0La D\u00e9p\u00eache du Midi<\/a> qu\u2019Actu Toulouse est en mesure de confirmer.<\/p>\n<p>Le plus jeune se saisit d\u2019un couteau<\/p>\n<p class=\" wall-content\">Les deux jeunes hommes se seraient disput\u00e9s avant que le plus jeune ne se saisisse d\u2019un couteau pour <strong>porter plusieurs coups \u00e0 son a\u00een\u00e9<\/strong>.<\/p>\n<p>    <a href=\"https:\/\/www.google.com\/maps\/embed?pb=!1m18!1m12!1m3!1d38209.36004488467!2d1.2528899543792698!3d43.66909149303938!2m3!1f0!2f0!3f0!3m2!1i1024!2i768!4f13.1!3m3!1m2!1s0x12aeac2b1677f021%3A0x4545e21b02b09ba2!2s31700%20Mondonville!5e1!3m2!1sfr!2sfr!4v1756299178131!5m2!1sfr!2sfr\" title=\"Ouvrie le lien\" rel=\"nofollow noopener\" target=\"_blank\">Cliquez ici pour visualiser le contenu<\/a><\/p>\n<p>Leur m\u00e8re appelle les secours<\/p>\n<p class=\" wall-content\">C\u2019est leur m\u00e8re qui a appel\u00e9 les secours. La victime des coups de couteau a \u00e9t\u00e9 \u00e9vacu\u00e9e dans un \u00e9tat jug\u00e9 s\u00e9rieux.<\/p>\n<p class=\" wall-content\">Son fr\u00e8re a lui \u00e9t\u00e9 interpell\u00e9 et plac\u00e9 en garde \u00e0 vue. Une enqu\u00eate est men\u00e9e par la gendarmerie afin de d\u00e9terminer les circonstances exactes du drame.<\/p>\n<p class=\" wall-content\">Personnalisez votre actualit\u00e9 en ajoutant vos villes et m\u00e9dias en favori avec <a href=\"https:\/\/moncompte.actu.fr\" title=\"D\u00e9couvez Mon Actu\" rel=\"nofollow noopener\" data-trk=\"{&quot;cta&quot;:{&quot;action&quot;:&quot;https:\\\/\\\/moncompte.actu.fr&quot;,&quot;category&quot;:&quot;mon compte&quot;,&quot;from&quot;:&quot;article footer&quot;,&quot;name&quot;:&quot;Mon actu&quot;,&quot;type&quot;:&quot;cta&quot;}}\" target=\"_blank\">Mon Actu<\/a>.<\/p>\n","protected":false},"excerpt":{"rendered":"Par Lucie Fraisse Publi\u00e9 le 27 ao\u00fbt 2025 \u00e0 15h00 Un jeune homme d\u2019une vingtaine d\u2019ann\u00e9es a \u00e9t\u00e9&hellip;\n","protected":false},"author":2,"featured_media":347701,"comment_status":"","ping_status":"","sticky":false,"template":"","format":"standard","meta":{"footnotes":""},"categories":[2816],"tags":[1111,11,1777,674,118,1011,27,12,2680,25,2312],"class_list":{"0":"post-347700","1":"post","2":"type-post","3":"status-publish","4":"format-standard","5":"has-post-thumbnail","7":"category-toulouse","8":"tag-actu","9":"tag-actualites","10":"tag-eu","11":"tag-europe","12":"tag-faits-divers","13":"tag-fr","14":"tag-france","15":"tag-news","16":"tag-occitanie","17":"tag-republique-francaise","18":"tag-toulouse"},"share_on_mastodon":{"url":"https:\/\/pubeurope.com\/@fr\/115101043552139507","error":""},"_links":{"self":[{"href":"https:\/\/www.europesays.com\/fr\/wp-json\/wp\/v2\/posts\/347700","targetHints":{"allow":["GET"]}}],"collection":[{"href":"https:\/\/www.europesays.com\/fr\/wp-json\/wp\/v2\/posts"}],"about":[{"href":"https:\/\/www.europesays.com\/fr\/wp-json\/wp\/v2\/types\/post"}],"author":[{"embeddable":true,"href":"https:\/\/www.europesays.com\/fr\/wp-json\/wp\/v2\/users\/2"}],"replies":[{"embeddable":true,"href":"https:\/\/www.europesays.com\/fr\/wp-json\/wp\/v2\/comments?post=347700"}],"version-history":[{"count":0,"href":"https:\/\/www.europesays.com\/fr\/wp-json\/wp\/v2\/posts\/347700\/revisions"}],"wp:featuredmedia":[{"embeddable":true,"href":"https:\/\/www.europesays.com\/fr\/wp-json\/wp\/v2\/media\/347701"}],"wp:attachment":[{"href":"https:\/\/www.europesays.com\/fr\/wp-json\/wp\/v2\/media?parent=347700"}],"wp:term":[{"taxonomy":"category","embeddable":true,"href":"https:\/\/www.europesays.com\/fr\/wp-json\/wp\/v2\/categories?post=347700"},{"taxonomy":"post_tag","embeddable":true,"href":"https:\/\/www.europesays.com\/fr\/wp-json\/wp\/v2\/tags?post=347700"}],"curies":[{"name":"wp","href":"https:\/\/api.w.org\/{rel}","templated":true}]}}