{"id":347725,"date":"2025-08-27T14:01:10","date_gmt":"2025-08-27T14:01:10","guid":{"rendered":"https:\/\/www.europesays.com\/fr\/347725\/"},"modified":"2025-08-27T14:01:10","modified_gmt":"2025-08-27T14:01:10","slug":"guerre-en-ukraine-il-a-rampe-pendant-5-jours-la-gorge-tranchee-le-cauchemar-dun-soldat-miracule-apres-sa-capture-par-les-russes","status":"publish","type":"post","link":"https:\/\/www.europesays.com\/fr\/347725\/","title":{"rendered":"Guerre en Ukraine\u00a0: il a \u00ab\u00a0ramp\u00e9 pendant 5 jours\u00a0\u00bb la \u00ab\u00a0gorge tranch\u00e9e\u00a0\u00bb, le cauchemar d\u2019un soldat miracul\u00e9 apr\u00e8s sa capture par les Russes"},"content":{"rendered":"<p class=\"paragraph text_align_left lp-f-body-02\">Il est le symbole de <a href=\"https:\/\/www.leparisien.fr\/international\/ukraine\/premiere-victoire-russe-dans-la-region-de-dnipropetrovsk-larmee-ukrainienne-est-elle-au-bord-de-la-rupture-08-07-2025-THLRDVKKIVGA7GBYYLLC5ZNUII.php\" target=\"_blank\" rel=\"nofollow noopener\">la progression russe dans la r\u00e9gion de Dnipropetrovsk<\/a>, mais aussi celui de la r\u00e9sistance de l\u2019<a href=\"https:\/\/www.leparisien.fr\/international\/ukraine\/\" target=\"_self\" rel=\"nofollow noopener\">Ukraine<\/a>. Vladyslav, soldat de la Garde nationale ukrainienne, est parvenu \u00e0 rejoindre son arm\u00e9e apr\u00e8s <a href=\"https:\/\/www.leparisien.fr\/international\/ukraine\/guerre-en-ukraine-la-russie-accusee-de-tortures-sexuelles-horribles-sur-des-civils-21-08-2025-76OT2FQ2YBF3DDXTRCJI576224.php\" target=\"_blank\" rel=\"nofollow noopener\">avoir \u00e9t\u00e9 captur\u00e9 et tortur\u00e9<\/a> par les soldats russes.<\/p>\n<p class=\"paragraph text_align_left lp-f-body-02\">Le jeune soldat de 33\u00a0ans a livr\u00e9 ses confessions charg\u00e9es d\u2019\u00e9motions dans <a href=\"https:\/\/www.youtube.com\/watch?v=4ILVEv7L0PM\" target=\"_self\" rel=\"nofollow noopener\">un reportage du m\u00e9dia Suspilne<\/a> diffus\u00e9 sur YouTube. Incapable de parler \u00e0 cause de ses blessures \u00e0 la gorge, le militaire s\u2019est content\u00e9 de raconter son histoire par \u00e9crit, soutenu par la pr\u00e9sence de son fr\u00e8re.<\/p>\n<p>\u00ab\u00a0Les yeux crev\u00e9s, les l\u00e8vres coup\u00e9es\u2026\u00a0\u00bb<\/p>\n<p class=\"paragraph text_align_left lp-f-body-02\">Selon ses quelques mots, \u00ab\u00a0sa brigade a perdu le contr\u00f4le d\u2019une position pr\u00e8s de Pokrovsk\u00a0\u00bb il y a quelques semaines. Appel\u00e9 \u00e0 l\u2019aide pour aider ses camarades, il est tomb\u00e9 aux mains des Russes.<\/p>\n<p class=\"paragraph text_align_left lp-f-body-02\">C\u2019est l\u00e0 que le cauchemar va commencer. Avec lui, \u00ab\u00a0les premiers hommes captur\u00e9s, issus des services de renseignement, avaient <a href=\"https:\/\/www.leparisien.fr\/international\/guerre-en-ukraine-kiev-sindigne-du-sort-dun-de-ses-soldats-revenu-de-captivite-avec-gloire-a-la-russie-grave-sur-le-ventre-18-06-2025-SC6WQYM37JC4ZGPD5U3AHR2TKM.php\" target=\"_blank\" rel=\"nofollow noopener\">les yeux crev\u00e9s, les l\u00e8vres coup\u00e9es, les organes masculins enlev\u00e9s<\/a>\u2026\u00a0\u00bb<\/p>\n<p class=\"paragraph text_align_left lp-f-body-02\">Lui va \u00eatre tortur\u00e9 plus rapidement avec une gorge presque enti\u00e8rement tranch\u00e9 avant d\u2019\u00eatre <a href=\"https:\/\/www.leparisien.fr\/international\/torture-psychologique-interrogatoires-les-dessous-des-deportations-de-civils-ukrainiens-en-russie-devoiles-01-09-2022-WD47PNJDVVDBRC2CDOLR5TPF4E.php\" target=\"_blank\" rel=\"nofollow noopener\">\u00ab\u00a0laiss\u00e9 pour mort\u00a0\u00bb, les mains attach\u00e9es dans un foss\u00e9<\/a>. Tr\u00e8s affaibli, Vladyslav a trouv\u00e9 la force de se lib\u00e9rer gr\u00e2ce \u00e0 une \u00ab\u00a0bouteille cass\u00e9e qui lui a permis de couper la corde\u00a0\u00bb.<\/p>\n<p class=\"paragraph text_align_left lp-f-body-02\">Le soldat dit ensuite avoir \u00ab\u00a0ramp\u00e9 pendant cinq jours\u00a0\u00bb selon son propre d\u00e9compte avant d\u2019\u00eatre r\u00e9cup\u00e9r\u00e9 le 18\u00a0ao\u00fbt sur une position ukrainienne et d\u2019\u00eatre transf\u00e9r\u00e9 dans un \u00e9tat critique dans un h\u00f4pital de la r\u00e9gion. Il y a subi une op\u00e9ration chirurgicale sous les yeux \u00e9bahis du personnel, qui n\u2019avait jamais soign\u00e9 de telles blessures depuis le d\u00e9but de la guerre.<\/p>\n<p>L\u2019Ukraine reconna\u00eet \u00ab\u00a0l\u2019entr\u00e9e\u00a0\u00bb des Russes<\/p>\n<p class=\"paragraph text_align_left lp-f-body-02\">\u00ab\u00a0Quand on vous tranche la gorge, quand quelqu\u2019un saigne autant, les chances de survie sont minces, explique le m\u00e9decin face cam\u00e9ra. Il a tenu bon jusqu\u2019au bout, mais, vous savez, ce qui est diff\u00e9rent, c\u2019est qu\u2019il \u00e9tait s\u00fbr jusqu\u2019au bout que tout irait bien.\u00a0\u00bb<\/p>\n<p class=\"paragraph text_align_left lp-f-body-02\">Revendiqu\u00e9e depuis plusieurs jours par le Kremlin, <a href=\"https:\/\/www.leparisien.fr\/international\/guerre-en-ukraine-larmee-russe-attaque-la-region-de-dnipropetrovsk-une-premiere-en-trois-ans-de-conflit-08-06-2025-4WNTLUYHJZHX3EMKZ3MM237OUM.php\" target=\"_blank\" rel=\"nofollow noopener\">l\u2019entr\u00e9e des soldats russes dans la r\u00e9gion de Dnipropetrovsk<\/a> a \u00e9t\u00e9 reconnue par Kiev pour la premi\u00e8re fois ce mardi. \u00ab\u00a0Oui, ils sont entr\u00e9s\u00a0\u00bb dans ce territoire, o\u00f9 \u00ab\u00a0les combats se poursuivent actuellement\u00a0\u00bb, a d\u00e9clar\u00e9 Viktor Tregoubov, le porte-parole des forces ukrainiennes pour cette zone.<\/p>\n<p class=\"title-embed-dailymotion lp-color-text lp-f-subtitle-04\">Vid\u00e9oUn soldat ukrainien revient de captivit\u00e9<br \/>\navec \u00ab Gloire \u00e0 la Russie \u00bb grav\u00e9 sur le ventre<\/p>\n<p class=\"paragraph text_align_left lp-f-body-02\">Le groupement Dnipro de l\u2019arm\u00e9e ukrainienne, charg\u00e9 de cette zone, a assur\u00e9 dans le m\u00eame temps avoir <a href=\"https:\/\/www.leparisien.fr\/international\/ukraine\/toucher-au-confort-de-vie-des-russes-la-strategie-de-lukraine-derriere-les-attaques-sur-les-raffineries-russes-24-08-2025-COSLFRDAWNCJNGBUOXP6WRR67E.php\" target=\"_self\" rel=\"nofollow noopener\">\u00ab\u00a0stopp\u00e9 l\u2019avanc\u00e9e des envahisseurs russes\u00a0\u00bb<\/a> peu apr\u00e8s leur entr\u00e9e dans la r\u00e9gion de Dnipropetrovsk \u00e0 partir de celle de Donetsk, plus \u00e0 l\u2019est.<\/p>\n","protected":false},"excerpt":{"rendered":"Il est le symbole de la progression russe dans la r\u00e9gion de Dnipropetrovsk, mais aussi celui de la&hellip;\n","protected":false},"author":2,"featured_media":347726,"comment_status":"","ping_status":"","sticky":false,"template":"","format":"standard","meta":{"footnotes":""},"categories":[1590],"tags":[11,1777,674,14,12,220],"class_list":{"0":"post-347725","1":"post","2":"type-post","3":"status-publish","4":"format-standard","5":"has-post-thumbnail","7":"category-ukraine","8":"tag-actualites","9":"tag-eu","10":"tag-europe","11":"tag-international","12":"tag-news","13":"tag-ukraine"},"share_on_mastodon":{"url":"https:\/\/pubeurope.com\/@fr\/115101098580198750","error":""},"_links":{"self":[{"href":"https:\/\/www.europesays.com\/fr\/wp-json\/wp\/v2\/posts\/347725","targetHints":{"allow":["GET"]}}],"collection":[{"href":"https:\/\/www.europesays.com\/fr\/wp-json\/wp\/v2\/posts"}],"about":[{"href":"https:\/\/www.europesays.com\/fr\/wp-json\/wp\/v2\/types\/post"}],"author":[{"embeddable":true,"href":"https:\/\/www.europesays.com\/fr\/wp-json\/wp\/v2\/users\/2"}],"replies":[{"embeddable":true,"href":"https:\/\/www.europesays.com\/fr\/wp-json\/wp\/v2\/comments?post=347725"}],"version-history":[{"count":0,"href":"https:\/\/www.europesays.com\/fr\/wp-json\/wp\/v2\/posts\/347725\/revisions"}],"wp:featuredmedia":[{"embeddable":true,"href":"https:\/\/www.europesays.com\/fr\/wp-json\/wp\/v2\/media\/347726"}],"wp:attachment":[{"href":"https:\/\/www.europesays.com\/fr\/wp-json\/wp\/v2\/media?parent=347725"}],"wp:term":[{"taxonomy":"category","embeddable":true,"href":"https:\/\/www.europesays.com\/fr\/wp-json\/wp\/v2\/categories?post=347725"},{"taxonomy":"post_tag","embeddable":true,"href":"https:\/\/www.europesays.com\/fr\/wp-json\/wp\/v2\/tags?post=347725"}],"curies":[{"name":"wp","href":"https:\/\/api.w.org\/{rel}","templated":true}]}}