{"id":347731,"date":"2025-08-27T14:04:10","date_gmt":"2025-08-27T14:04:10","guid":{"rendered":"https:\/\/www.europesays.com\/fr\/347731\/"},"modified":"2025-08-27T14:04:10","modified_gmt":"2025-08-27T14:04:10","slug":"plus-de-260-associations-francaises-et-allemandes-appellent-les-deux","status":"publish","type":"post","link":"https:\/\/www.europesays.com\/fr\/347731\/","title":{"rendered":"Plus de 260 associations fran\u00e7aises et allemandes appellent les deux&#8230;"},"content":{"rendered":"<p>\u00c0 la veille du conseil des ministres franco-allemand qui se tiendra \u00e0 Toulon le 29\u00a0ao\u00fbt, plus de 260 organisations fran\u00e7aises et allemandes, r\u00e9unies par le R\u00e9seau action climat, Klima-Allianz Deutschland et Deutscher Naturschutzring, publient une lettre ouverte exhortant Emmanuel Macron et Friedrich Merz \u00e0 \u00ab\u00a0soutenir conjointement l\u2019objectif de r\u00e9duction des \u00e9missions de 90\u00a0% d&rsquo;ici 2040, propos\u00e9 par la Commission europ\u00e9enne\u00a0\u00bb. \u00ab\u00a0Face \u00e0 une situation g\u00e9opolitique mondiale de plus en plus incertaine [\u2026], l\u2019UE doit plus que jamais retrouver sa capacit\u00e9 d\u2019action en mati\u00e8re de politique climatique internationale\u00a0\u00bb, \u00e9crivent-elles. En France, Emmanuel Macron juge cet objectif non prioritaire tandis que l\u2019Afep, le Medef et France Industrie le trouvent \u00ab\u00a0pr\u00e9matur\u00e9\u00a0\u00bb. En Allemagne, l\u2019accord de coalition soutient l\u2019objectif de \u201390\u00a0% mais assorti d\u2019un recours aux cr\u00e9dits carbone internationaux.\t\t\t\t\t<\/p>\n<p><b>Cette d\u00e9p\u00eache est r\u00e9serv\u00e9e aux abonn\u00e9s<\/b><\/p>\n<p>Il vous reste 44 % de cette d\u00e9p\u00eache \u00e0 d\u00e9couvrir.<\/p>\n<p><\/p>\n<ul>\n<li>Retrouver l\u2019int\u00e9gralit\u00e9 de cette d\u00e9p\u00eache et tous les contenus de la m\u00eame th\u00e9matique<\/li>\n<li>Toute l\u2019actualit\u00e9 strat\u00e9gique d\u00e9crypt\u00e9e par nos journalistes experts<\/li>\n<li>Information fiable, neutre et r\u00e9active<\/li>\n<li>R\u00e9ception par email personnalisable<\/li>\n<\/ul>\n<p>\n\t\t\t\t\t\t\t\t\tTESTER GRATUITEMENT PENDANT 1 MOIS\n\t\t\t\t\t\t\t\t<\/p>\n<p>\t\t\t\t\t\t\t\tTest gratuit et sans engagement<\/p>\n<p>\n\t\t\t\t\t\t\t\t\tD\u00e9j\u00e0 abonn\u00e9(e) ? Je me connecte\n\t\t\t\t\t\t\t\t<\/p>\n","protected":false},"excerpt":{"rendered":"\u00c0 la veille du conseil des ministres franco-allemand qui se tiendra \u00e0 Toulon le 29\u00a0ao\u00fbt, plus de 260&hellip;\n","protected":false},"author":2,"featured_media":198544,"comment_status":"","ping_status":"","sticky":false,"template":"","format":"standard","meta":{"footnotes":""},"categories":[1587],"tags":[11,672,1804,1805,1803,1777,674,1801,12,1802],"class_list":{"0":"post-347731","1":"post","2":"type-post","3":"status-publish","4":"format-standard","5":"has-post-thumbnail","7":"category-allemagne","8":"tag-actualites","9":"tag-allemagne","10":"tag-bundesrepublik-deutschland","11":"tag-de","12":"tag-deutschland","13":"tag-eu","14":"tag-europe","15":"tag-germany","16":"tag-news","17":"tag-republique-federale-dallemagne"},"share_on_mastodon":{"url":"","error":""},"_links":{"self":[{"href":"https:\/\/www.europesays.com\/fr\/wp-json\/wp\/v2\/posts\/347731","targetHints":{"allow":["GET"]}}],"collection":[{"href":"https:\/\/www.europesays.com\/fr\/wp-json\/wp\/v2\/posts"}],"about":[{"href":"https:\/\/www.europesays.com\/fr\/wp-json\/wp\/v2\/types\/post"}],"author":[{"embeddable":true,"href":"https:\/\/www.europesays.com\/fr\/wp-json\/wp\/v2\/users\/2"}],"replies":[{"embeddable":true,"href":"https:\/\/www.europesays.com\/fr\/wp-json\/wp\/v2\/comments?post=347731"}],"version-history":[{"count":0,"href":"https:\/\/www.europesays.com\/fr\/wp-json\/wp\/v2\/posts\/347731\/revisions"}],"wp:featuredmedia":[{"embeddable":true,"href":"https:\/\/www.europesays.com\/fr\/wp-json\/wp\/v2\/media\/198544"}],"wp:attachment":[{"href":"https:\/\/www.europesays.com\/fr\/wp-json\/wp\/v2\/media?parent=347731"}],"wp:term":[{"taxonomy":"category","embeddable":true,"href":"https:\/\/www.europesays.com\/fr\/wp-json\/wp\/v2\/categories?post=347731"},{"taxonomy":"post_tag","embeddable":true,"href":"https:\/\/www.europesays.com\/fr\/wp-json\/wp\/v2\/tags?post=347731"}],"curies":[{"name":"wp","href":"https:\/\/api.w.org\/{rel}","templated":true}]}}