{"id":347734,"date":"2025-08-27T14:06:09","date_gmt":"2025-08-27T14:06:09","guid":{"rendered":"https:\/\/www.europesays.com\/fr\/347734\/"},"modified":"2025-08-27T14:06:09","modified_gmt":"2025-08-27T14:06:09","slug":"info-bfmtv-les-obseques-de-jean-pormanove-ont-eu-lieu-a-nice-ce-mercredi-en-presence-de-son-co-streameur-naruto","status":"publish","type":"post","link":"https:\/\/www.europesays.com\/fr\/347734\/","title":{"rendered":"INFO BFMTV. Les obs\u00e8ques de Jean Pormanove ont eu lieu \u00e0 Nice ce mercredi en pr\u00e9sence de son co-streameur Naruto"},"content":{"rendered":"<p>INFO BFMTV. Les obs\u00e8ques du streameur de 46 ans, mort en direct sur la plateforme Kick, se sont d\u00e9roul\u00e9es dans la plus stricte intimit\u00e9. 25 personnes \u00e9taient pr\u00e9sentes, dont sa famille et Naruto, l&rsquo;un des deux co-streameurs pr\u00e9sents au moment du drame.<\/p>\n<p>Un peu plus d&rsquo;une semaine apr\u00e8s la mort tragique, <a href=\"https:\/\/www.bfmtv.com\/tech\/actualites\/reseaux-sociaux\/mort-de-jean-pormanove-le-recit-d-une-affaire-marquee-par-de-nombreuses-failles_AN-202508200503.html\" title=\"Mort de Jean Pormanove: le r\u00e9cit d&#039;une affaire marqu\u00e9e par de nombreuses failles\" class=\"internal_link\" rel=\"nofollow noopener\" target=\"_blank\">en plein direct sur la plateforme de streaming Kick<\/a>, de Jean Pormanove (de son vrai nom Rapha\u00ebl Graven), les obs\u00e8ques de l&rsquo;homme de 46 ans ont eu lieu ce mercredi 27 ao\u00fbt 2025, selon des informations r\u00e9colt\u00e9es par BFMTV.<\/p>\n<p>Les obs\u00e8ques se sont tenues dans l&rsquo;apr\u00e8s-midi \u00e0 Nice, \u00ab\u00a0dans la plus stricte intimit\u00e9\u00a0\u00bb. Le streameur a \u00e9t\u00e9 incin\u00e9r\u00e9. Sur place, 25 personnes \u00e9taient pr\u00e9sentes, dont sa famille et Naruto, l&rsquo;un des deux co-streameurs pr\u00e9sents au moment du drame.<\/p>\n<p>Kick sous le coup d&rsquo;une plainte et d&rsquo;une enqu\u00eate en France<\/p>\n<p>Des obs\u00e8ques qui ont lieu alors qu&rsquo;<a href=\"https:\/\/www.bfmtv.com\/tech\/actualites\/reseaux-sociaux\/mort-de-jean-pormanove-clara-chappaz-annonce-un-depot-de-plainte-contre-kick_AD-202508260441.html\" title=\"Mort de Jean Pormanove: Clara Chappaz annonce un d\u00e9p\u00f4t de plainte contre Kick\" class=\"internal_link\" rel=\"nofollow noopener\" target=\"_blank\">une plainte a \u00e9t\u00e9 d\u00e9pos\u00e9e par la ministre d\u00e9l\u00e9gu\u00e9e au Num\u00e9rique<\/a>, Clara Chappaz, contre Kick pour \u00ab\u00a0manquement\u00a0\u00bb, et qu&rsquo;une enqu\u00eate a \u00e9t\u00e9 <a href=\"https:\/\/www.bfmtv.com\/tech\/actualites\/reseaux-sociaux\/mort-de-jean-pormanove-le-parquet-de-paris-annonce-l-ouverture-d-une-enquete-contre-la-plateforme-kick_AN-202508260440.html\" title=\"Mort de Jean Pormanove: le parquet de Paris annonce l&#039;ouverture d&#039;une enqu\u00eate contre la plateforme Kick\" class=\"internal_link\" rel=\"nofollow noopener\" target=\"_blank\">lanc\u00e9e par le parquet de Paris<\/a> \u00ab\u00a0du chef de fourniture en bande organis\u00e9e de plateforme en ligne illicite\u00a0\u00bb.<\/p>\n<p>La plateforme a annonc\u00e9 dans la nuit du 26 au 27 ao\u00fbt son intention de \u00ab\u00a0<a href=\"https:\/\/www.bfmtv.com\/tech\/actualites\/reseaux-sociaux\/mort-de-jean-pormanove-la-plateforme-kick-promet-de-cooperer-avec-la-france-dans-le-cadre-de-l-enquete_AD-202508270082.html\" title=\"Mort de Jean Pormanove: la plateforme Kick promet de coop\u00e9rer avec la France dans le cadre de l&#039;enqu\u00eate\" class=\"internal_link\" rel=\"nofollow noopener\" target=\"_blank\">coop\u00e9rer avec les autorit\u00e9s comp\u00e9tentes<\/a> dans le cadre de toute enqu\u00eate en cours\u00a0\u00bb.<\/p>\n<p>Jean Pormanove avait \u00e9t\u00e9 retrouv\u00e9 mort apr\u00e8s une session de stream qui aura dur\u00e9 douze jours. Durant celle-ci, le streameur \u00e9tait r\u00e9guli\u00e8rement <a href=\"https:\/\/www.bfmtv.com\/tech\/actualites\/reseaux-sociaux\/si-je-fais-un-avc-c-est-a-cause-de-toi-que-savaient-naruto-et-safine-des-problemes-de-sante-de-jean-pormanove_AV-202508220273.html\" title=\"&quot;Si je fais un AVC, c&#039;est \u00e0 cause de toi&quot;: que savaient Naruto et Safine des probl\u00e8mes de sant\u00e9 de Jean Pormanove?\" class=\"internal_link\" rel=\"nofollow noopener\" target=\"_blank\">l&rsquo;objet de violences physiques et psychologiques<\/a> de la part de ses co-streameurs, Naruto et Safine.<\/p>\n<p>Si l&rsquo;autopsie a \u00e9cart\u00e9 <a href=\"https:\/\/www.bfmtv.com\/tech\/actualites\/reseaux-sociaux\/mort-de-jean-pormanove-l-autopsie-ecarte-l-intervention-d-un-tiers-et-privilegie-une-cause-d-origine-medicale-ou-toxicologique_AN-202508210440.html\" title=\"Mort de Jean Pormanove: l&#039;autopsie \u00e9carte &quot;l&#039;intervention d&#039;un tiers&quot; et privil\u00e9gie une cause &quot;d&#039;origine m\u00e9dicale ou toxicologique&quot;\" class=\"internal_link\" rel=\"nofollow noopener\" target=\"_blank\">l&rsquo;intervention d&rsquo;un tiers<\/a> pour expliquer les causes de la mort, le parquet de Nice a n\u00e9anmoins demand\u00e9 des analyses compl\u00e9mentaires. Les deux co-streameurs ne sont \u00e0 ce jour pas mis en cause par la justice.<\/p>\n<p>Kick, en revanche, est accus\u00e9e de ne pas avoir mod\u00e9r\u00e9 les contenus diffus\u00e9s sur la cha\u00eene de Jean Pormanove depuis plusieurs mois, et m\u00eame de <a href=\"https:\/\/www.bfmtv.com\/tech\/actualites\/reseaux-sociaux\/comment-la-plateforme-kick-a-surfe-sur-les-humiliations-de-jeanpormanove_AV-202508200298.html\" title=\"Comment la plateforme Kick a surf\u00e9 sur les humiliations de Jean Pormanove\" class=\"internal_link\" rel=\"nofollow noopener\" target=\"_blank\">les avoir utilis\u00e9s dans sa strat\u00e9gie de communication<\/a> en France. Malgr\u00e9 les alertes, le r\u00e9gulateur fran\u00e7ais du secteur, l&rsquo;Arcom, ne pouvait agir en raison de l&rsquo;absence d&rsquo;un repr\u00e9sentant europ\u00e9en de Kick, ce qui est contraire au r\u00e8glement sur les services num\u00e9riques. La plateforme en a depuis nomm\u00e9 un. Mais selon Clara Chappaz, qui d\u00e9crit les cr\u00e9ateurs de Kick comme \u00ab\u00a0des voyous num\u00e9riques\u00a0\u00bb, seulement 75 mod\u00e9rateurs &#8211; dont aucun ne parlant fran\u00e7ais &#8211; sont d\u00e9vou\u00e9s \u00e0 la t\u00e2che d&rsquo;\u00e9viter les d\u00e9rapages.<\/p>\n<p>D\u00e9rapages qui sont par ailleurs l\u00e9gion. Ce 27 ao\u00fbt, Kick a ainsi d\u00fb proc\u00e9der <a href=\"https:\/\/www.bfmtv.com\/tech\/actualites\/reseaux-sociaux\/kick-vire-un-couple-d-espagnols-pour-comportements-inappropries-en-direct_AV-202508270417.html\" title=\"Kick vire un couple d&#039;Espagnols pour comportements inappropri\u00e9s en direct\" class=\"internal_link\" rel=\"nofollow noopener\" target=\"_blank\">au bannissement d&rsquo;un couple d&rsquo;Espagnols<\/a> apr\u00e8s un stream \u00ab\u00a0inappropri\u00e9s\u00a0\u00bb, \u00ab\u00a0d\u00e9passant les limites de l&rsquo;acceptable\u00a0\u00bb.<\/p>\n<p>Boris Kharlamoff, Emilie Flamain et Sylvain Trinel<\/p>\n","protected":false},"excerpt":{"rendered":"INFO BFMTV. Les obs\u00e8ques du streameur de 46 ans, mort en direct sur la plateforme Kick, se sont&hellip;\n","protected":false},"author":2,"featured_media":347735,"comment_status":"","ping_status":"","sticky":false,"template":"","format":"standard","meta":{"footnotes":""},"categories":[1586],"tags":[11,1777,674,1779,1011,27,12,25,1778,364],"class_list":{"0":"post-347734","1":"post","2":"type-post","3":"status-publish","4":"format-standard","5":"has-post-thumbnail","7":"category-europe","8":"tag-actualites","9":"tag-eu","10":"tag-europe","11":"tag-european-union","12":"tag-fr","13":"tag-france","14":"tag-news","15":"tag-republique-francaise","16":"tag-ue","17":"tag-union-europeenne"},"share_on_mastodon":{"url":"https:\/\/pubeurope.com\/@fr\/115101118470108665","error":""},"_links":{"self":[{"href":"https:\/\/www.europesays.com\/fr\/wp-json\/wp\/v2\/posts\/347734","targetHints":{"allow":["GET"]}}],"collection":[{"href":"https:\/\/www.europesays.com\/fr\/wp-json\/wp\/v2\/posts"}],"about":[{"href":"https:\/\/www.europesays.com\/fr\/wp-json\/wp\/v2\/types\/post"}],"author":[{"embeddable":true,"href":"https:\/\/www.europesays.com\/fr\/wp-json\/wp\/v2\/users\/2"}],"replies":[{"embeddable":true,"href":"https:\/\/www.europesays.com\/fr\/wp-json\/wp\/v2\/comments?post=347734"}],"version-history":[{"count":0,"href":"https:\/\/www.europesays.com\/fr\/wp-json\/wp\/v2\/posts\/347734\/revisions"}],"wp:featuredmedia":[{"embeddable":true,"href":"https:\/\/www.europesays.com\/fr\/wp-json\/wp\/v2\/media\/347735"}],"wp:attachment":[{"href":"https:\/\/www.europesays.com\/fr\/wp-json\/wp\/v2\/media?parent=347734"}],"wp:term":[{"taxonomy":"category","embeddable":true,"href":"https:\/\/www.europesays.com\/fr\/wp-json\/wp\/v2\/categories?post=347734"},{"taxonomy":"post_tag","embeddable":true,"href":"https:\/\/www.europesays.com\/fr\/wp-json\/wp\/v2\/tags?post=347734"}],"curies":[{"name":"wp","href":"https:\/\/api.w.org\/{rel}","templated":true}]}}