{"id":347736,"date":"2025-08-27T14:07:10","date_gmt":"2025-08-27T14:07:10","guid":{"rendered":"https:\/\/www.europesays.com\/fr\/347736\/"},"modified":"2025-08-27T14:07:10","modified_gmt":"2025-08-27T14:07:10","slug":"des-yaourts-vegetaux-andros-melanges-a-un-produit-de-menage-rappeles-partout-en-france","status":"publish","type":"post","link":"https:\/\/www.europesays.com\/fr\/347736\/","title":{"rendered":"Des yaourts v\u00e9g\u00e9taux Andros m\u00e9lang\u00e9s \u00e0 un \u00ab\u00a0produit de m\u00e9nage\u00a0\u00bb rappel\u00e9s partout en France"},"content":{"rendered":"<p>Attention si vous avez dans votre frigo des yaourts v\u00e9g\u00e9taux de la <a href=\"https:\/\/www.20minutes.fr\/dossier\/marque\" class=\"c-link c-link--is-underlined\" target=\"_blank\" rel=\"noopener\">marque<\/a> Andros. Un lot de yaourts brass\u00e9s au lait de coco fait depuis ce mardi l\u2019objet d\u2019un <a href=\"https:\/\/www.20minutes.fr\/dossier\/rappel\" class=\"c-link c-link--is-underlined\" target=\"_blank\" rel=\"noopener\">rappel<\/a> au niveau national, rapporte <a href=\"https:\/\/www.capital.fr\/conso\/andros-rappelle-des-yaourts-vendus-chez-auchan-carrefour-leclerc-et-systeme-u-1517559\" target=\"_blank\" class=\"c-link c-link--is-underlined\" rel=\"noopener\">Capital<\/a>.<\/p>\n<p>Le produit concern\u00e9 est un lot de yaourts brass\u00e9s \u00ab\u00a0nature\u00a0\u00bb au lait de coco, commercialis\u00e9 par Andros dans sa gamme \u00ab\u00a0Gourmand et V\u00e9g\u00e9tal\u00a0\u00bb. Ils \u00e9taient vendus dans des emballages en carton contenant 8 pots en <a href=\"https:\/\/www.20minutes.fr\/planete\/plastique\/\" class=\"c-link c-link--is-underlined\" target=\"_blank\" rel=\"noopener\">plastique<\/a> de 100\u00a0g chacun, indique <a href=\"https:\/\/rappel.conso.gouv.fr\/fiche-rappel\/19528\/Interne\" target=\"_blank\" class=\"c-link c-link--is-underlined\" rel=\"noopener\">la fiche sur le site officiel Rappel Conso<\/a>.<\/p>\n<p class=\"mb-xxl@xs color-ultramarine font-weight-semi-bold@xs font-source-serif-pro heading-s@xs\">L\u2019acc\u00e8s \u00e0 ce contenu a \u00e9t\u00e9 bloqu\u00e9 afin de respecter votre choix de consentement<\/p>\n<p class=\"mb-m@xs text-l@xs\">En cliquant sur\u00ab J\u2019accepte \u00bb, vous acceptez le d\u00e9p\u00f4t de cookies par des services externes et aurez ainsi acc\u00e8s aux contenus de nos partenaires.<\/p>\n<p class=\"mb-xl@xs text-s@xs\">Plus d\u2019informations sur la page<a href=\"https:\/\/www.20minutes.fr\/gestion-cookies\" class=\"mx-xxs@xs color-ultramarine\" target=\"_blank\" rel=\"noopener\">Politique de gestion des cookies<\/a><\/p>\n<p>J\u2019accepteUn remboursement possible<\/p>\n<p>Les yaourts ont \u00e9t\u00e9 vendus partout en France dans de nombreuses enseignes <a href=\"https:\/\/www.20minutes.fr\/dossier\/auchan\" class=\"c-link c-link--is-underlined\" target=\"_blank\" rel=\"noopener\">Auchan<\/a>, <a href=\"https:\/\/www.20minutes.fr\/economie\/carrefour\/\" class=\"c-link c-link--is-underlined\" target=\"_blank\" rel=\"noopener\">Carrefour<\/a>, <a href=\"https:\/\/www.20minutes.fr\/dossier\/leclerc\" class=\"c-link c-link--is-underlined\" target=\"_blank\" rel=\"noopener\">Leclerc<\/a> et Syst\u00e8me U. Ils \u00e9taient commercialis\u00e9s depuis le 30\u00a0juillet avec une date limite de consommation (DLC) fix\u00e9e au 31\u00a0ao\u00fbt. Le rappel est d\u00fb \u00e0 un \u00ab\u00a0m\u00e9lange fortuit\u00a0\u00bb entre le yaourt et \u00ab\u00a0un produit de nettoyage\u00a0\u00bb, ce qui peut conduire \u00e0 un go\u00fbt et une odeur \u00ab\u00a0d\u00e9sagr\u00e9ables\u00a0\u00bb pour les <a href=\"https:\/\/www.20minutes.fr\/dossier\/consommateurs\" class=\"c-link c-link--is-underlined\" target=\"_blank\" rel=\"noopener\">consommateurs<\/a>, indique Rappel Conso.<\/p>\n<\/p>\n<p>Si cette contamination ne pose pas de r\u00e9el danger pour la sant\u00e9 des consommateurs, les autorit\u00e9s sanitaires recommandent tout de m\u00eame de ne pas manger les yaourts. Les clients peuvent contacter le service consommateurs au 05\u00a065\u00a010\u00a066\u00a000, et sont invit\u00e9s \u00e0 d\u00e9truire les yaourts ou les rapporter en magasin. Il est possible d\u2019\u00eatre rembours\u00e9 de son achat jusqu\u2019au 15\u00a0septembre, fin de la proc\u00e9dure de rappel.<\/p>\n","protected":false},"excerpt":{"rendered":"Attention si vous avez dans votre frigo des yaourts v\u00e9g\u00e9taux de la marque Andros. Un lot de yaourts&hellip;\n","protected":false},"author":2,"featured_media":347737,"comment_status":"","ping_status":"","sticky":false,"template":"","format":"standard","meta":{"footnotes":""},"categories":[2],"tags":[47,11,258,14474,4304,6409,1011,27,7755,12,16061,25575,25,71,397],"class_list":{"0":"post-347736","1":"post","2":"type-post","3":"status-publish","4":"format-standard","5":"has-post-thumbnail","7":"category-actualites","8":"tag-actualite","9":"tag-actualites","10":"tag-alimentation","11":"tag-auchan","12":"tag-carrefour","13":"tag-consommateurs","14":"tag-fr","15":"tag-france","16":"tag-leclerc","17":"tag-news","18":"tag-produits-chimiques","19":"tag-rappel-de-produit","20":"tag-republique-francaise","21":"tag-sante","22":"tag-supermarche"},"share_on_mastodon":{"url":"https:\/\/pubeurope.com\/@fr\/115101122207161845","error":""},"_links":{"self":[{"href":"https:\/\/www.europesays.com\/fr\/wp-json\/wp\/v2\/posts\/347736","targetHints":{"allow":["GET"]}}],"collection":[{"href":"https:\/\/www.europesays.com\/fr\/wp-json\/wp\/v2\/posts"}],"about":[{"href":"https:\/\/www.europesays.com\/fr\/wp-json\/wp\/v2\/types\/post"}],"author":[{"embeddable":true,"href":"https:\/\/www.europesays.com\/fr\/wp-json\/wp\/v2\/users\/2"}],"replies":[{"embeddable":true,"href":"https:\/\/www.europesays.com\/fr\/wp-json\/wp\/v2\/comments?post=347736"}],"version-history":[{"count":0,"href":"https:\/\/www.europesays.com\/fr\/wp-json\/wp\/v2\/posts\/347736\/revisions"}],"wp:featuredmedia":[{"embeddable":true,"href":"https:\/\/www.europesays.com\/fr\/wp-json\/wp\/v2\/media\/347737"}],"wp:attachment":[{"href":"https:\/\/www.europesays.com\/fr\/wp-json\/wp\/v2\/media?parent=347736"}],"wp:term":[{"taxonomy":"category","embeddable":true,"href":"https:\/\/www.europesays.com\/fr\/wp-json\/wp\/v2\/categories?post=347736"},{"taxonomy":"post_tag","embeddable":true,"href":"https:\/\/www.europesays.com\/fr\/wp-json\/wp\/v2\/tags?post=347736"}],"curies":[{"name":"wp","href":"https:\/\/api.w.org\/{rel}","templated":true}]}}