{"id":347742,"date":"2025-08-27T14:10:23","date_gmt":"2025-08-27T14:10:23","guid":{"rendered":"https:\/\/www.europesays.com\/fr\/347742\/"},"modified":"2025-08-27T14:10:23","modified_gmt":"2025-08-27T14:10:23","slug":"keegan-bradley-capitaine-joueur-de-lequipe-americaine-de-ryder-cup-reponse-en-direct-sur-youtube-mercredi-a-17h","status":"publish","type":"post","link":"https:\/\/www.europesays.com\/fr\/347742\/","title":{"rendered":"Keegan Bradley, capitaine-joueur de l&rsquo;\u00e9quipe am\u00e9ricaine de Ryder Cup ? R\u00e9ponse en direct sur Youtube mercredi \u00e0 17h !"},"content":{"rendered":"<p>\t\t\t\t\t\t<img width=\"770\" height=\"554\" src=\"https:\/\/www.europesays.com\/fr\/wp-content\/uploads\/2025\/08\/bradley-picks-youtube-live-770x554.jpg\" class=\"img-responsive wp-post-image\" alt=\"\" decoding=\"async\" fetchpriority=\"high\"  \/>\t\t\t\t\t<\/p>\n<p>\t\t\t\t\t\t Partager cet article <\/p>\n<p class=\"screen-reader-text juiz_sps_maybe_hidden_text\">Partager la publication \u00ab\u00a0Keegan Bradley, capitaine-joueur de l\u2019\u00e9quipe am\u00e9ricaine de Ryder Cup ? R\u00e9ponse en direct sur Youtube mercredi \u00e0 17h !\u00a0\u00bb<\/p>\n<p><strong>Septi\u00e8me du Tour Championship dimanche, Keegan Bradley pourrait devenir le premier capitaine-joueur de l\u2019\u00e9quipe am\u00e9ricaine de Ryder Cup depuis Arnold Palmer en 1963. L\u2019annonce de ses six choix en tant que capitaine aura lieu mercredi \u00e0 17h (heure fran\u00e7aise) en direct sur Youtube.<\/strong><\/p>\n<p>\t\t\t\t\t<a id=\"177181\" href=\"http:\/\/charleskent-golf.com\/andalucia-majors\/\" target=\"_blank\" rel=\"sponsorised nofollow noopener\"><img decoding=\"async\" src=\"data:image\/svg+xml,%3Csvg%20xmlns=\" http:=\"\" class=\"img-responsive\" alt=\"\" data-lazy-src=\"https:\/\/www.europesays.com\/fr\/wp-content\/uploads\/2025\/06\/charleskent-e03-andalucia-majors-1170x275-1.gif\"\/><\/a><\/p>\n<p>La question se pose depuis de nombreuses semaines et personne n\u2019osait v\u00e9ritablement y croire. Mais la rumeur enfle \u00e0 quelques heures de l\u2019annonce de la s\u00e9lection am\u00e9ricaine de Ryder Cup. <strong>Keegan Bradley<\/strong> va-t-il finalement choisir de se s\u00e9lectionner lui-m\u00eame en tant que joueur comme un des six choix du capitaine\u2026 qu\u2019il est ? Lors de la nomination de Keegan Bradley au poste de capitaine de l\u2019\u00e9quipe am\u00e9ricaine de Ryder Cup, personne n\u2019imaginait qu\u2019il serait en position de cumuler cette lourde responsabilit\u00e9 avec la fonction de joueur. <a href=\"https:\/\/www.golfplanete.com\/actualites\/pga-tour-travelers-championship-keegan-bradley-se-rappelle-a-son-bon-souvenir\/\" rel=\"nofollow noopener\" target=\"_blank\">Sa victoire cet \u00e9t\u00e9 lors du Travelers championship<\/a> a forc\u00e9ment rendu cr\u00e9dible cette folle hypoth\u00e8se.<\/p>\n<p>Trump vote pour<\/p>\n<p>Des r\u00e9sultats moyens depuis ont fait retomber le soufflet, mais tout est relanc\u00e9 avec <a href=\"https:\/\/www.golfplanete.com\/actualites\/fedex-cup-premiere-victoire-sur-le-pga-tour-pour-tommy-fleetwood-et-quelle-victoire\/\" rel=\"nofollow noopener\" target=\"_blank\">cette incroyable septi\u00e8me place au Tour championship<\/a>. Onzi\u00e8me mondial et \u00e9galement onzi\u00e8me du classement am\u00e9ricain pour la Ryder Cup, Keegan Bradley serait \u00e0 39 ans un candidat tout \u00e0 fait l\u00e9gitime. Mais personne n\u2019a cumul\u00e9 la double casquette de joueur et de capitaine de l\u2019\u00e9quipe am\u00e9ricaine depuis Arnold Palmer\u2026 en 1963 ! <a href=\"https:\/\/www.golfplanete.com\/actualites\/donald-trump-a-son-avis-sur-le-choix-ou-pas-de-keegan-bradley-detre-capitaine-joueur-en-ryder-cup\/\" rel=\"nofollow noopener\" target=\"_blank\">Donald Trump a certes pouss\u00e9 Bradley \u00e0 se choisir comme joueur<\/a>, mais d\u2019anciens capitaines europ\u00e9ens ont tent\u00e9 de le dissuader, comme <strong>Sam Torrance<\/strong> ou <a href=\"https:\/\/www.golfplanete.com\/actualites\/que-va-faire-keegan-bradley-quil-joue-pour-le-bien-de-leurope-assure-nick-faldo\/\" rel=\"nofollow noopener\" target=\"_blank\"><strong>Nick Faldo<\/strong> qui a m\u00eame ironis\u00e9<\/a> : \u00abJe lui ai conseill\u00e9 de ne pas le faire, mais nous devons esp\u00e9rer qu\u2019il le fasse.\u00bb<\/p>\n<p>\t\t\t\t\t<a id=\"179394\" href=\"https:\/\/eu.ping.com\/fr-fr\/clubs\/irons\/i240\" target=\"_blank\" rel=\"sponsorised nofollow noopener\"><img decoding=\"async\" src=\"data:image\/svg+xml,%3Csvg%20xmlns=\" http:=\"\" class=\"img-responsive\" alt=\"\" data-lazy-src=\"https:\/\/www.europesays.com\/fr\/wp-content\/uploads\/2025\/07\/ping-e06-fers-i240-1170x275-1.jpg\"\/><\/a><br \/>\nLa d\u00e9cision en direct mercredi \u00e0 17h<\/p>\n<p>Si Keegan Bradley se choisissait, ce serait forc\u00e9ment au d\u00e9triment de quelqu\u2019un d\u2019autre. Si <strong>Justin Thomas<\/strong> et <strong>Patrick Cantlay<\/strong> semblent des choix \u00e9vidents,<a href=\"https:\/\/www.golfplanete.com\/actualites\/ryder-cup-team-usa-a-moins-de-48h-de-lannonce-officielle-un-premier-joueur-deja-fixe-sur-sa-participation\/\" rel=\"nofollow noopener\" target=\"_blank\"> alors que <strong>Sam Burns<\/strong> aurait \u00e9t\u00e9 valid\u00e9<\/a>, il reste donc trois choix ind\u00e9cis. Sollicit\u00e9s par Bradley, les vice-capitaines auraient \u00e9galement pl\u00e9biscit\u00e9 qu\u2019il chausse \u00e9galement les chaussures \u00e0 crampons pendant la Ryder Cup. Pour le golfeur de Woodstock, ce serait rock n\u2019 roll ! <a href=\"https:\/\/www.youtube.com\/live\/3r2Ex9OObzc\" target=\"_blank\" rel=\"noopener nofollow\">La d\u00e9cision sera en tout cas \u00e0 suivre en direct sur Youtube mercredi \u00e0 17h (heure fran\u00e7aise)<\/a>.<\/p>\n<p>\t\t\t\t\t<a id=\"174987\" href=\"https:\/\/www.sudfrancegolf.com\/fr\/\" target=\"_blank\" rel=\"sponsorised nofollow noopener\"><img decoding=\"async\" src=\"data:image\/svg+xml,%3Csvg%20xmlns=\" http:=\"\" class=\"img-responsive\" alt=\"\" data-lazy-src=\"https:\/\/www.europesays.com\/fr\/wp-content\/uploads\/2025\/06\/giesudfrancegolf-e02-egolf-pass-2025-v2-1170x275-1.gif\"\/><\/a><\/p>\n<p>Photo : Jared Tilton \/ Getty \/ AFP<\/p>\n","protected":false},"excerpt":{"rendered":"Partager cet article Partager la publication \u00ab\u00a0Keegan Bradley, capitaine-joueur de l\u2019\u00e9quipe am\u00e9ricaine de Ryder Cup ? R\u00e9ponse en&hellip;\n","protected":false},"author":2,"featured_media":347743,"comment_status":"","ping_status":"","sticky":false,"template":"","format":"standard","meta":{"footnotes":""},"categories":[1418],"tags":[1011,27,1472,60],"class_list":{"0":"post-347742","1":"post","2":"type-post","3":"status-publish","4":"format-standard","5":"has-post-thumbnail","7":"category-golf","8":"tag-fr","9":"tag-france","10":"tag-golf","11":"tag-sports"},"share_on_mastodon":{"url":"https:\/\/pubeurope.com\/@fr\/115101133889701395","error":""},"_links":{"self":[{"href":"https:\/\/www.europesays.com\/fr\/wp-json\/wp\/v2\/posts\/347742","targetHints":{"allow":["GET"]}}],"collection":[{"href":"https:\/\/www.europesays.com\/fr\/wp-json\/wp\/v2\/posts"}],"about":[{"href":"https:\/\/www.europesays.com\/fr\/wp-json\/wp\/v2\/types\/post"}],"author":[{"embeddable":true,"href":"https:\/\/www.europesays.com\/fr\/wp-json\/wp\/v2\/users\/2"}],"replies":[{"embeddable":true,"href":"https:\/\/www.europesays.com\/fr\/wp-json\/wp\/v2\/comments?post=347742"}],"version-history":[{"count":0,"href":"https:\/\/www.europesays.com\/fr\/wp-json\/wp\/v2\/posts\/347742\/revisions"}],"wp:featuredmedia":[{"embeddable":true,"href":"https:\/\/www.europesays.com\/fr\/wp-json\/wp\/v2\/media\/347743"}],"wp:attachment":[{"href":"https:\/\/www.europesays.com\/fr\/wp-json\/wp\/v2\/media?parent=347742"}],"wp:term":[{"taxonomy":"category","embeddable":true,"href":"https:\/\/www.europesays.com\/fr\/wp-json\/wp\/v2\/categories?post=347742"},{"taxonomy":"post_tag","embeddable":true,"href":"https:\/\/www.europesays.com\/fr\/wp-json\/wp\/v2\/tags?post=347742"}],"curies":[{"name":"wp","href":"https:\/\/api.w.org\/{rel}","templated":true}]}}