{"id":347744,"date":"2025-08-27T14:12:12","date_gmt":"2025-08-27T14:12:12","guid":{"rendered":"https:\/\/www.europesays.com\/fr\/347744\/"},"modified":"2025-08-27T14:12:12","modified_gmt":"2025-08-27T14:12:12","slug":"ithurburu-revele-que-le-championnat-lui-manque-particulierement-a-deux-moments-de-lannee","status":"publish","type":"post","link":"https:\/\/www.europesays.com\/fr\/347744\/","title":{"rendered":"Ithurburu r\u00e9v\u00e8le que le championnat lui manque particuli\u00e8rement \u00e0 deux moments de l\u2019ann\u00e9e"},"content":{"rendered":"<p>Les amoureux du rugby fran\u00e7ais ont d\u00fb s\u2019habituer \u00e0 son absence. Pendant des ann\u00e9es, Isabelle Ithurburu a incarn\u00e9 avec bien d\u2019autre le visage du Top 14. D\u2019abord journaliste terrain pour Canal +, elle s\u2019est peu \u00e0 peu impos\u00e9e sur les bords des pelouses avant de terminer \u00e0 la pr\u00e9sentation du Canal Rugby Club.<\/p>\n<p>\u00ab\u00a0J\u2019\u00e9tais \u00e0 fond devant ma t\u00e9l\u00e9\u00a0\u00bb<\/p>\n<p>N\u00e9anmoins, elle a d\u00e9cid\u00e9 juste avant la Coupe du monde 2023 de rejoindre TF1 et par la m\u00eame occasion de quitter le Top 14. Si elle s\u2019est \u00e9loign\u00e9e du rugby, elle couvrira le Mondial f\u00e9minin, qui a d\u00e9but\u00e9 le week-end dernier. Pour <a href=\"https:\/\/www.lequipe.fr\/Medias\/Article\/-vivre-ce-genre-d-emotion-en-direct-cela-n-a-pas-de-prix-isabelle-ithurburu-animera-le-mag-de-tf1-autour-de-chaque-match-des-bleues-a-la-coupe-du-monde\/1586675\" rel=\"nofollow noopener\" target=\"_blank\">L\u2019Equipe<\/a>, Isabelle Ithurburu a confi\u00e9 regarder avec toujours autant d\u2019attention le championnat fran\u00e7ais, qui lui manque particuli\u00e8rement.<\/p>\n<blockquote>\n<p style=\"text-align: left\">\u00ab\u00a0Le Top 14 me manque \u00e0 deux moments. Le pire va arriver bient\u00f4t avec la 1ere journ\u00e9e. J&rsquo;adore ce moment, il fait beau, tous les stades sont pleins, c&rsquo;est la reprise. Ensuite les phases finales bien s\u00fbr. Cette saison j&rsquo;\u00e9tais \u00e0 fond devant ma t\u00e9l\u00e9.\u00a0\u00bb<\/p>\n<\/blockquote>\n<p>Partagez cette info avec vos amis et vos proches en cliquant ici<br \/>Pour r\u00e9sumer<\/p>\n<p>Isabelle Ithurburu s\u2019est confi\u00e9 pour L\u2019Equipe avant la Coupe du monde de rugby f\u00e9minin, qu\u2019elle couvrira pour TF1. L\u2019ancienne journaliste de Canal +, qui s\u2019est quelque peu \u00e9loign\u00e9 du ballon ovale, avoue regarder avec toujours autant d\u2019attention le Top 14.<\/p>\n<p> <img decoding=\"async\" width=\"76\" height=\"76\" loading=\"lazy\" src=\"https:\/\/www.europesays.com\/fr\/wp-content\/uploads\/2025\/04\/avatar-quinze.png\" alt=\"Arnaud D\u00e9chelotte\"\/><\/p>\n","protected":false},"excerpt":{"rendered":"Les amoureux du rugby fran\u00e7ais ont d\u00fb s\u2019habituer \u00e0 son absence. Pendant des ann\u00e9es, Isabelle Ithurburu a incarn\u00e9&hellip;\n","protected":false},"author":2,"featured_media":347745,"comment_status":"","ping_status":"","sticky":false,"template":"","format":"standard","meta":{"footnotes":""},"categories":[1416],"tags":[1011,27,479,1468,60],"class_list":{"0":"post-347744","1":"post","2":"type-post","3":"status-publish","4":"format-standard","5":"has-post-thumbnail","7":"category-rugby","8":"tag-fr","9":"tag-france","10":"tag-rugby","11":"tag-rugby-football","12":"tag-sports"},"share_on_mastodon":{"url":"https:\/\/pubeurope.com\/@fr\/115101141904959133","error":""},"_links":{"self":[{"href":"https:\/\/www.europesays.com\/fr\/wp-json\/wp\/v2\/posts\/347744","targetHints":{"allow":["GET"]}}],"collection":[{"href":"https:\/\/www.europesays.com\/fr\/wp-json\/wp\/v2\/posts"}],"about":[{"href":"https:\/\/www.europesays.com\/fr\/wp-json\/wp\/v2\/types\/post"}],"author":[{"embeddable":true,"href":"https:\/\/www.europesays.com\/fr\/wp-json\/wp\/v2\/users\/2"}],"replies":[{"embeddable":true,"href":"https:\/\/www.europesays.com\/fr\/wp-json\/wp\/v2\/comments?post=347744"}],"version-history":[{"count":0,"href":"https:\/\/www.europesays.com\/fr\/wp-json\/wp\/v2\/posts\/347744\/revisions"}],"wp:featuredmedia":[{"embeddable":true,"href":"https:\/\/www.europesays.com\/fr\/wp-json\/wp\/v2\/media\/347745"}],"wp:attachment":[{"href":"https:\/\/www.europesays.com\/fr\/wp-json\/wp\/v2\/media?parent=347744"}],"wp:term":[{"taxonomy":"category","embeddable":true,"href":"https:\/\/www.europesays.com\/fr\/wp-json\/wp\/v2\/categories?post=347744"},{"taxonomy":"post_tag","embeddable":true,"href":"https:\/\/www.europesays.com\/fr\/wp-json\/wp\/v2\/tags?post=347744"}],"curies":[{"name":"wp","href":"https:\/\/api.w.org\/{rel}","templated":true}]}}