{"id":347746,"date":"2025-08-27T14:13:10","date_gmt":"2025-08-27T14:13:10","guid":{"rendered":"https:\/\/www.europesays.com\/fr\/347746\/"},"modified":"2025-08-27T14:13:10","modified_gmt":"2025-08-27T14:13:10","slug":"us-open-coco-gauff-jessaie-de-ne-pas-devenir-obsedee-par-ca-mais-je-le-suis-un-peu","status":"publish","type":"post","link":"https:\/\/www.europesays.com\/fr\/347746\/","title":{"rendered":"US Open > Coco Gauff : \u00ab\u00a0J&rsquo;essaie de ne pas devenir obs\u00e9d\u00e9e par \u00e7a, mais je le suis un peu\u00a0\u00bb"},"content":{"rendered":"<p>Avant le d\u00e9but de l\u2019US Open, Cori Gauff avait mis fin \u00e0 sa colla\u00adbo\u00adra\u00adtion avec Matt Daly pour s\u2019entourer du biom\u00e9\u00adca\u00adni\u00adcien Gavin MacMillan. Ce dernier s\u2019\u00e9tait notam\u00adment illustr\u00e9 aux c\u00f4t\u00e9s d\u2019Aryna Sabalenka entre 2022 et 2024, p\u00e9riode durant laquelle il l\u2019avait aid\u00e9e \u00e0 surmonter ses diffi\u00adcult\u00e9s au service.<\/p>\n<p>En plein travail sur sa mise en jeu, l\u2019Am\u00e9ricaine a franchi le premier tour du Grand Chelem new\u2010yorkais en domi\u00adnant Ajla Tomljanovic (6\u22124, 6\u20137 [2], 7\u20135), mais non sans trem\u00adbler ni s\u2019interroger. Elle a en effet commis 10 doubles fautes et conc\u00e9d\u00e9 six breaks.\u00a0<\/p>\n<p><strong>\u00ab\u202fJ\u2019essaie de ne pas devenir obs\u00e9d\u00e9e par \u00e7a, mais je le suis un peu parce que je sais que c\u2019est un aspect de mon jeu que je dois am\u00e9liorer si je veux obtenir les r\u00e9sul\u00adtats que je souhaite. Si j\u2019avais pu travailler avec Gavin plus t\u00f4t, je l\u2019au\u00adrais fait, mais il \u00e9tait pris. Et puis, il s\u2019est lib\u00e9r\u00e9. Il a fallu prendre une d\u00e9ci\u00adsion rapide. C\u2019est une ques\u00adtion de m\u00e9ca\u00adnique. C\u2019est comme apprendre une nouvelle langue. C\u2019est un\u00a0nouveau mouve\u00adment. Parfois, je le fais bien, parfois moins bien. Mais quand je le fais bien, ou quand je le fais, le r\u00e9sultat est toujours bon\u202f\u00bb<\/strong>, a d\u00e9clar\u00e9 l\u2019Am\u00e9ricaine dans des propos relay\u00e9s par <a href=\"https:\/\/www.eurosport.fr\/tennis\/us-open\/2025\/us-open-2025-jessaie-de-ne-pas-devenir-obsedee-par-ca-mais-coco-gauff-a-lepreuve-du-process_sto23215153\/story.shtml\" data-wpel-link=\"external\" target=\"_blank\" rel=\"nofollow external noopener\">Eurosport<\/a>. <\/p>\n<p class=\"post-published-date\" style=\"color: silver; font-size: 75%; text-align: left;\">Publi\u00e9 le mercredi 27 ao\u00fbt 2025 \u00e0 14:43<\/p>\n","protected":false},"excerpt":{"rendered":"Avant le d\u00e9but de l\u2019US Open, Cori Gauff avait mis fin \u00e0 sa colla\u00adbo\u00adra\u00adtion avec Matt Daly pour&hellip;\n","protected":false},"author":2,"featured_media":347747,"comment_status":"","ping_status":"","sticky":false,"template":"","format":"standard","meta":{"footnotes":""},"categories":[1415],"tags":[7615,1011,27,60,1467],"class_list":{"0":"post-347746","1":"post","2":"type-post","3":"status-publish","4":"format-standard","5":"has-post-thumbnail","7":"category-tennis","8":"tag-aryna-sabalenka","9":"tag-fr","10":"tag-france","11":"tag-sports","12":"tag-tennis"},"share_on_mastodon":{"url":"https:\/\/pubeurope.com\/@fr\/115101145808929557","error":""},"_links":{"self":[{"href":"https:\/\/www.europesays.com\/fr\/wp-json\/wp\/v2\/posts\/347746","targetHints":{"allow":["GET"]}}],"collection":[{"href":"https:\/\/www.europesays.com\/fr\/wp-json\/wp\/v2\/posts"}],"about":[{"href":"https:\/\/www.europesays.com\/fr\/wp-json\/wp\/v2\/types\/post"}],"author":[{"embeddable":true,"href":"https:\/\/www.europesays.com\/fr\/wp-json\/wp\/v2\/users\/2"}],"replies":[{"embeddable":true,"href":"https:\/\/www.europesays.com\/fr\/wp-json\/wp\/v2\/comments?post=347746"}],"version-history":[{"count":0,"href":"https:\/\/www.europesays.com\/fr\/wp-json\/wp\/v2\/posts\/347746\/revisions"}],"wp:featuredmedia":[{"embeddable":true,"href":"https:\/\/www.europesays.com\/fr\/wp-json\/wp\/v2\/media\/347747"}],"wp:attachment":[{"href":"https:\/\/www.europesays.com\/fr\/wp-json\/wp\/v2\/media?parent=347746"}],"wp:term":[{"taxonomy":"category","embeddable":true,"href":"https:\/\/www.europesays.com\/fr\/wp-json\/wp\/v2\/categories?post=347746"},{"taxonomy":"post_tag","embeddable":true,"href":"https:\/\/www.europesays.com\/fr\/wp-json\/wp\/v2\/tags?post=347746"}],"curies":[{"name":"wp","href":"https:\/\/api.w.org\/{rel}","templated":true}]}}