{"id":347748,"date":"2025-08-27T14:14:12","date_gmt":"2025-08-27T14:14:12","guid":{"rendered":"https:\/\/www.europesays.com\/fr\/347748\/"},"modified":"2025-08-27T14:14:12","modified_gmt":"2025-08-27T14:14:12","slug":"la-ffbb-veut-accueillir-un-tournoi-de-qualification","status":"publish","type":"post","link":"https:\/\/www.europesays.com\/fr\/347748\/","title":{"rendered":"la FFBB veut accueillir un tournoi de qualification"},"content":{"rendered":"<p style=\"text-align: justify;\"><strong>La F\u00e9d\u00e9ration Fran\u00e7aise de BasketBall a d\u00e9pos\u00e9 sa candidature aupr\u00e8s de la FIBA pour organiser l\u2019un des tournois qualificatifs \u00e0 la Coupe du Monde f\u00e9minine 2026. Le projet pr\u00e9voit de faire de l\u2019Astroballe, salle embl\u00e9matique de Villeurbanne, le th\u00e9\u00e2tre d\u2019un rendez-vous d\u00e9cisif du 11 au 17 mars 2026.<\/strong><\/p>\n<p style=\"text-align: justify;\">La France pourrait \u00e0 nouveau vibrer au rythme d\u2019un grand tournoi international de basket f\u00e9minin. En effet, il y a 3 semaines , la FFBB a officiellement transmis son dossier \u00e0 la FIBA afin d\u2019accueillir l\u2019un des quatre tournois de qualification \u00e0 la Coupe du Monde 2026, qui aura lieu \u00e0 Berlin du 4 au 13 septembre. L\u2019Astroballe, enceinte de 5 500 places et haut lieu du basket tricolore, a \u00e9t\u00e9 propos\u00e9e pour recevoir l\u2019\u00e9v\u00e9nement. Habitu\u00e9e \u00e0 ce type de rendez-vous apr\u00e8s Nantes en 2016, Bourges en 2020 et Strasbourg en 2021, la F\u00e9d\u00e9ration esp\u00e8re mettre son exp\u00e9rience au service des Bleues pour leur offrir la possibilit\u00e9 de d\u00e9crocher leur billet mondial \u00e0 domicile. <strong><a href=\"https:\/\/www.sportmag.fr\/basket-la-ffbb-ouvre-les-portes-de-son-musee-au-public\/\" rel=\"nofollow noopener\" target=\"_blank\">Un choix strat\u00e9gique, alors que seize nations viseront leur place en Allemagne et que la France devra franchir cette \u00e9tape cruciale.<\/a><\/strong><\/p>\n<p style=\"text-align: justify;\"><a href=\"https:\/\/www.sportmag.fr\/abonnement\/\" rel=\"nofollow noopener\" target=\"_blank\"><img loading=\"lazy\" decoding=\"async\" class=\"size-medium wp-image-162612 alignleft\" src=\"data:image\/svg+xml,%3Csvg%20xmlns=\" http:=\"\" alt=\"\" width=\"212\" height=\"300\" data-lazy- data-lazy- data-lazy-src=\"https:\/\/www.europesays.com\/fr\/wp-content\/uploads\/2025\/07\/PUB-MAG-JUILLET-AOUT-212x300.jpg\"\/><\/a><\/p>\n<p><strong>Un dossier solide et une ambition claire<\/strong><\/p>\n<p style=\"text-align: justify;\">Avec l\u2019organisation de tournois de qualification olympiques ou europ\u00e9ens ces derni\u00e8res ann\u00e9es, la FFBB a montr\u00e9 son savoir-faire. Le pr\u00e9sident de la FFBB, Jean-Pierre Hunckler, insiste sur l\u2019importance de donner \u00e0 l\u2019\u00e9quipe de France f\u00e9minine l\u2019opportunit\u00e9 d\u2019\u00e9voluer devant son public, quelques mois apr\u00e8s les Jeux de Paris. L\u2019enjeu est double : permettre aux Bleues d\u2019\u00e9voluer dans des conditions favorables et offrir au public fran\u00e7ais la possibilit\u00e9 de voir \u00e0 nouveau les meilleures \u00e9quipes du monde.<\/p>\n<p><strong>Un format exigeant<\/strong><\/p>\n<p style=\"text-align: justify;\">Seize \u00e9quipes seront pr\u00e9sentes en mars prochain. Cinq d\u2019entre elles : l\u2019Allemagne, la Belgique, les \u00c9tats-Unis, l\u2019Australie et le Nigeria sont d\u00e9j\u00e0 qualifi\u00e9es en tant que champions continentaux ou pays h\u00f4te, mais participeront tout de m\u00eame aux tournois. Les onze autres, dont la France, devront aller chercher leur ticket lors de ces tournois \u00e0 six \u00e9quipes. Chaque \u00e9quipe jouera cinq matchs en une semaine, avec un seul objectif : terminer dans les places qualificatives. Autant dire que le moindre faux pas pourrait \u00eatre fatal.<\/p>\n<p><strong>Villeurbanne, un choix symbolique<\/strong><\/p>\n<p style=\"text-align: justify;\">Choisir l\u2019Astroballe n\u2019a rien d\u2019anodin. <strong><a href=\"https:\/\/www.sportmag.fr\/basket-la-ffbb-et-landes-unis-pour-le-developpement-du-basket-francais\/\" rel=\"nofollow noopener\" target=\"_blank\">Salle historique de l\u2019ASVEL, elle incarne le basket fran\u00e7ais et peut offrir une atmosph\u00e8re bouillante aux joueuses de Jean-Aim\u00e9 Toupane<\/a><\/strong>. Avec ses 5 500 places, l\u2019enceinte est \u00e0 taille humaine mais suffisamment grande pour garantir un engouement populaire. En cas de validation de la candidature, Villeurbanne deviendrait ainsi l\u2019\u00e9picentre du basket f\u00e9minin mondial pendant une semaine. Un signal fort, \u00e0 la fois pour la discipline et pour la dynamique enclench\u00e9e par la FFBB depuis plusieurs ann\u00e9es.<\/p>\n","protected":false},"excerpt":{"rendered":"La F\u00e9d\u00e9ration Fran\u00e7aise de BasketBall a d\u00e9pos\u00e9 sa candidature aupr\u00e8s de la FIBA pour organiser l\u2019un des tournois&hellip;\n","protected":false},"author":2,"featured_media":347749,"comment_status":"","ping_status":"","sticky":false,"template":"","format":"standard","meta":{"footnotes":""},"categories":[1414],"tags":[1465,1464,1011,27,60],"class_list":{"0":"post-347748","1":"post","2":"type-post","3":"status-publish","4":"format-standard","5":"has-post-thumbnail","7":"category-basket","8":"tag-basket","9":"tag-basketball","10":"tag-fr","11":"tag-france","12":"tag-sports"},"share_on_mastodon":{"url":"https:\/\/pubeurope.com\/@fr\/115101149753990409","error":""},"_links":{"self":[{"href":"https:\/\/www.europesays.com\/fr\/wp-json\/wp\/v2\/posts\/347748","targetHints":{"allow":["GET"]}}],"collection":[{"href":"https:\/\/www.europesays.com\/fr\/wp-json\/wp\/v2\/posts"}],"about":[{"href":"https:\/\/www.europesays.com\/fr\/wp-json\/wp\/v2\/types\/post"}],"author":[{"embeddable":true,"href":"https:\/\/www.europesays.com\/fr\/wp-json\/wp\/v2\/users\/2"}],"replies":[{"embeddable":true,"href":"https:\/\/www.europesays.com\/fr\/wp-json\/wp\/v2\/comments?post=347748"}],"version-history":[{"count":0,"href":"https:\/\/www.europesays.com\/fr\/wp-json\/wp\/v2\/posts\/347748\/revisions"}],"wp:featuredmedia":[{"embeddable":true,"href":"https:\/\/www.europesays.com\/fr\/wp-json\/wp\/v2\/media\/347749"}],"wp:attachment":[{"href":"https:\/\/www.europesays.com\/fr\/wp-json\/wp\/v2\/media?parent=347748"}],"wp:term":[{"taxonomy":"category","embeddable":true,"href":"https:\/\/www.europesays.com\/fr\/wp-json\/wp\/v2\/categories?post=347748"},{"taxonomy":"post_tag","embeddable":true,"href":"https:\/\/www.europesays.com\/fr\/wp-json\/wp\/v2\/tags?post=347748"}],"curies":[{"name":"wp","href":"https:\/\/api.w.org\/{rel}","templated":true}]}}