{"id":347750,"date":"2025-08-27T14:15:19","date_gmt":"2025-08-27T14:15:19","guid":{"rendered":"https:\/\/www.europesays.com\/fr\/347750\/"},"modified":"2025-08-27T14:15:19","modified_gmt":"2025-08-27T14:15:19","slug":"quelles-sont-les-chances-de-titre-de-marc-marquez-a-misano","status":"publish","type":"post","link":"https:\/\/www.europesays.com\/fr\/347750\/","title":{"rendered":"Quelles sont les chances de titre de Marc M\u00e1rquez \u00e0 Misano\u00a0?"},"content":{"rendered":"<p>L&rsquo;\u00e9t\u00e9 n&rsquo;est pas encore fini que, d\u00e9j\u00e0, le microcosme du MotoGP se pr\u00e9pare \u00e0 consacrer son champion de la saison. Il faut dire que <a href=\"https:\/\/fr.motorsport.com\/driver\/marc-marquez\/92646\/\" target=\"_blank\" rel=\"noopener\">Marc M\u00e1rquez<\/a> avance tel un bulldozer dans ce championnat, lui qui est invaincu depuis pratiquement trois mois. Pass\u00e9e la victoire de <a href=\"https:\/\/fr.motorsport.com\/driver\/marco-bezzecchi\/441839\/\" target=\"_blank\" rel=\"noopener\">Marco Bezzecchi<\/a> \u00e0 Silverstone, l&rsquo;Espagnol a litt\u00e9ralement tout gagn\u00e9, la Hongrie ayant \u00e9t\u00e9 son septi\u00e8me week-end cons\u00e9cutif r\u00e9compens\u00e9 par les 37 points de la double victoire sprint-course.<\/p>\n<p>Sur l&rsquo;ensemble de la saison, le palmar\u00e8s de Marc M\u00e1rquez compte d\u00e9j\u00e0 dix victoires dominicales et 13 le samedi, ainsi que 12 podiums en course principale et une autre m\u00e9daille en sprint. Sans oublier un positionnement immuable sur les quatre premi\u00e8res places de la grille de d\u00e9part, avec au passage huit pole positions sur les 14 possibles.<\/p>\n<p>Tout cela se conjugue avec les difficult\u00e9s de ses adversaires au potentiel le plus \u00e9lev\u00e9. Des difficult\u00e9s profondes et constantes dans le cas de <a href=\"https:\/\/fr.motorsport.com\/driver\/pecco-bagnaia\/109394\/\" target=\"_blank\" rel=\"noopener\">Pecco Bagnaia<\/a>, malgr\u00e9 la victoire de l&rsquo;Italien \u00e0 Austin et la moiti\u00e9 des Grands Prix termin\u00e9s sur le podium. Et des difficult\u00e9s plus sporadiques concernant <a href=\"https:\/\/fr.motorsport.com\/driver\/alex-marquez\/96324\/\" target=\"_blank\" rel=\"noopener\">\u00c1lex M\u00e1rquez<\/a>, qui s&rsquo;est affirm\u00e9 en d\u00e9but de championnat comme le plus gros caillou dans la chaussure de son a\u00een\u00e9 avant de conna\u00eetre quelques creux.<\/p>\n<p>Tout cela a des cons\u00e9quences directes sur les comptes. Apr\u00e8s les 14 Grands Prix disput\u00e9s jusqu&rsquo;ici, Marc M\u00e1rquez affiche 175 points d&rsquo;avance au championnat. C&rsquo;est suffisant pour qu&rsquo;il sache sa place de leader inatteignable pendant encore au moins quatre Grands Prix, soit jusqu&rsquo;en Indon\u00e9sie, d\u00e9but octobre. D&rsquo;ici-l\u00e0, il y a fort \u00e0 parier qu&rsquo;il aura d\u00e9j\u00e0 f\u00eat\u00e9 son titre.<\/p>\n<p>Il reste en effet huit \u00e9preuves au programme cette saison, soit un total de 296 points en jeu pour ceux qui parviendront \u00e0 gagner sprints et courses longues. En prenant en compte les sc\u00e9narios les plus improbables, cinq pilotes sont encore capables \u00e0 ce jour, math\u00e9matiquement, de battre l&rsquo;Espagnol au championnat : son fr\u00e8re (-175 points), Bagnaia (-227), mais aussi Marco Bezzecchi (-258), <a href=\"https:\/\/fr.motorsport.com\/driver\/pedro-acosta\/840236\/\" target=\"_blank\" rel=\"noopener\">Pedro Acosta<\/a> (-291) et <a href=\"https:\/\/fr.motorsport.com\/driver\/franco-morbidelli\/109417\/\" target=\"_blank\" rel=\"noopener\">Franco Morbidelli<\/a> (-294).<\/p>\n<p>Lire aussi :<\/p>\n<p>Outre le caract\u00e8re in\u00e9luctable du sacre du #93, cette situation signifie \u00e9galement qu&rsquo;une nouvelle domination \u00e0 Barcelone, la semaine prochaine, offrirait \u00e0 Marc M\u00e1rquez une premi\u00e8re balle de match pour la manche suivante, pr\u00e9vue \u00e0 Misano du 12 au 14 septembre. La perspective de d\u00e9crocher son neuvi\u00e8me titre de champion du monde sur les terres de <a href=\"https:\/\/fr.motorsport.com\/driver\/valentino-rossi\/76374\/\" target=\"_blank\" rel=\"noopener\">Valentino Rossi<\/a> le faisait sourire il y a encore quelques semaines, mais elle devient \u00e0 pr\u00e9sent r\u00e9aliste.<\/p>\n<p>Pour y parvenir, le pilote Ducati devrait dans un premier temps r\u00e9ussir son GP de Catalogne. S&rsquo;il y reste invaincu, il portera son total \u00e0 492 points. Reste \u00e0 savoir quelle serait son avance, car les r\u00e9sultats de ses poursuivants au championnat constituent bien \u00e9videmment l&rsquo;autre \u00e9l\u00e9ment \u00e0 prendre en compte dans les calculs, et il est loin d&rsquo;\u00eatre anodin. Il faudrait en effet compter sur des contre-performances d&rsquo;\u00c1lex M\u00e1rquez et de Pecco Bagnaia pour que le #93 allonge suffisamment son avance \u00e0 Barcelone afin d&rsquo;\u00eatre titrable d\u00e8s Misano.<\/p>\n<p>Une tendance tr\u00e8s favorable \u00e0 Marc M\u00e1rquez<\/p>\n<p>Pour f\u00eater son titre au GP de Saint-Marin, M\u00e1rquez devrait s&rsquo;assurer de terminer le week-end italien avec au moins 222 points de marge, correspondant \u00e0 ce qu&rsquo;il sera possible de marquer sur les six Grands Prix restants. Cela signifie qu&rsquo;en l&rsquo;espace de deux week-ends de course, il doit encore augmenter son avance de 47 points. Cela paraissait peut-\u00eatre improbable en d\u00e9but de saison lorsqu&rsquo;\u00c1lex M\u00e1rquez cumulait les deuxi\u00e8mes places, mais la tendance qui s&rsquo;est mise en place depuis Assen rend ce sc\u00e9nario d\u00e9sormais plausible.<\/p>\n<p>   <img decoding=\"async\" draggable=\"false\" src=\"https:\/\/www.europesays.com\/fr\/wp-content\/uploads\/2025\/08\/alex-marquez-gresini-racing-ma.jpg\" alt=\"Alex Marquez, Gresini Racing, Marc Marquez, Ducati Team\" width=\"1200\" height=\"800\" loading=\"lazy\"\/> <\/p>\n<p class=\"title\">\u00c1lex M\u00e1rquez le seul \u00e0 pouvoir faire durer le suspense ?<\/p>\n<p class=\"photographer\">Photo : Dorna<\/p>\n<p>Comment le pilote Gresini peut-il retarder l&rsquo;\u00e9ch\u00e9ance\u00a0?\u00a0Si jamais son fr\u00e8re devait rester invincible \u00e0 Barcelone et Misano (74 points), \u00c1lex M\u00e1rquez garderait ses chances en d\u00e9crochant, par exemple, la deuxi\u00e8me place de l&rsquo;un des Grands Prix (20 points) et en y ajoutant huit points au cumul de l&rsquo;autre course longue et des sprints. Une chose est certaine\u00a0:\u00a0il est le premier \u00e0 devoir endiguer sa perte actuelle pour repousser le sacre attendu du leader, puisque son retard a augment\u00e9 en moyenne de 27 points par week-end lors des cinq derniers Grands Prix.<\/p>\n<p>Le leader, lui, est quelque peu tiraill\u00e9 par cette situation, et sachant la finalit\u00e9 pratiquement act\u00e9e d\u00e9sormais, il esp\u00e8re que son sacre n&rsquo;interviendra pas \u00e0 Misano. \u00ab\u00a0Les journalistes espagnols m&rsquo;ont un peu donn\u00e9 les chiffres et, sinc\u00e8rement, j&rsquo;esp\u00e8re avoir la premi\u00e8re balle de match au Japon ou en Indon\u00e9sie. Si je l&rsquo;ai \u00e0 Misano, \u00e7a voudra dire que mon fr\u00e8re aura v\u00e9cu un week-end d\u00e9sastreux en Catalogne et je lui souhaite le meilleur\u00a0\u00bb, a-t-il en effet soulign\u00e9 en Hongrie.<\/p>\n<p><a class=\"widget-link-button\" href=\"https:\/\/fr.motorsport.com\/motogp\/schedule\/2025\/?event_types%5B%5D=race\" target=\"_self\" rel=\"noopener\">Les dates des Grands Prix MotoGP<\/a><\/p>\n<p>Quant aux autres pilotes, leur pouvoir est extr\u00eamement limit\u00e9. Il est fort probable qu&rsquo;Acosta et Morbidelli sortent de l&rsquo;\u00e9quation la semaine prochaine, \u00e0 Barcelone. Bagnaia a une chance de s&rsquo;y maintenir un tout petit peu plus longtemps, par exemple en marquant six points si Marc M\u00e1rquez fait encore une fois carton plein. Au-del\u00e0 de la math\u00e9matique, cependant, le bon sens sugg\u00e8re que l&rsquo;Italien ne prolongera pas bien longtemps ce qui est aujourd&rsquo;hui un faux suspense.<\/p>\n<p style=\"text-align: right;\">Avec Vincent Lalanne-Sicaud<\/p>\n<p>Dans cet article<\/p>\n<p>Soyez le premier inform\u00e9 et souscrivez aux alertes mails pour recevoir les infos en temps r\u00e9el<\/p>\n<p>    S&rsquo;abonner aux alertes de news<\/p>\n","protected":false},"excerpt":{"rendered":"L&rsquo;\u00e9t\u00e9 n&rsquo;est pas encore fini que, d\u00e9j\u00e0, le microcosme du MotoGP se pr\u00e9pare \u00e0 consacrer son champion de&hellip;\n","protected":false},"author":2,"featured_media":347751,"comment_status":"","ping_status":"","sticky":false,"template":"","format":"standard","meta":{"footnotes":""},"categories":[1413],"tags":[4950,1011,27,48392,5038,48393,1457,1456,1458,48391,60],"class_list":{"0":"post-347750","1":"post","2":"type-post","3":"status-publish","4":"format-standard","5":"has-post-thumbnail","7":"category-moto","8":"tag-ducati-team","9":"tag-fr","10":"tag-france","11":"tag-gp-de-saint-marin","12":"tag-marc-mu00e1rquez","13":"tag-misano-world-circuit-marco-simoncelli","14":"tag-moto","15":"tag-motocycle","16":"tag-motogp","17":"tag-quelles-sont-les-chances-de-titre-de-marc-mu00e1rquez-u00e0-misanou00a0","18":"tag-sports"},"share_on_mastodon":{"url":"https:\/\/pubeurope.com\/@fr\/115101153691610146","error":""},"_links":{"self":[{"href":"https:\/\/www.europesays.com\/fr\/wp-json\/wp\/v2\/posts\/347750","targetHints":{"allow":["GET"]}}],"collection":[{"href":"https:\/\/www.europesays.com\/fr\/wp-json\/wp\/v2\/posts"}],"about":[{"href":"https:\/\/www.europesays.com\/fr\/wp-json\/wp\/v2\/types\/post"}],"author":[{"embeddable":true,"href":"https:\/\/www.europesays.com\/fr\/wp-json\/wp\/v2\/users\/2"}],"replies":[{"embeddable":true,"href":"https:\/\/www.europesays.com\/fr\/wp-json\/wp\/v2\/comments?post=347750"}],"version-history":[{"count":0,"href":"https:\/\/www.europesays.com\/fr\/wp-json\/wp\/v2\/posts\/347750\/revisions"}],"wp:featuredmedia":[{"embeddable":true,"href":"https:\/\/www.europesays.com\/fr\/wp-json\/wp\/v2\/media\/347751"}],"wp:attachment":[{"href":"https:\/\/www.europesays.com\/fr\/wp-json\/wp\/v2\/media?parent=347750"}],"wp:term":[{"taxonomy":"category","embeddable":true,"href":"https:\/\/www.europesays.com\/fr\/wp-json\/wp\/v2\/categories?post=347750"},{"taxonomy":"post_tag","embeddable":true,"href":"https:\/\/www.europesays.com\/fr\/wp-json\/wp\/v2\/tags?post=347750"}],"curies":[{"name":"wp","href":"https:\/\/api.w.org\/{rel}","templated":true}]}}