{"id":347760,"date":"2025-08-27T14:20:19","date_gmt":"2025-08-27T14:20:19","guid":{"rendered":"https:\/\/www.europesays.com\/fr\/347760\/"},"modified":"2025-08-27T14:20:19","modified_gmt":"2025-08-27T14:20:19","slug":"cest-toujours-beau-ici-meme-quand-il-pleut-le-peintre-anglais-henry-martin-sublime-les-chemins-charentais-de-randonnee-dans-une-expo-a-saint-claud","status":"publish","type":"post","link":"https:\/\/www.europesays.com\/fr\/347760\/","title":{"rendered":"\u00ab\u00a0C\u2019est toujours beau ici m\u00eame quand il pleut\u00a0\u00bb\u00a0: le peintre anglais Henry Martin sublime les chemins charentais de randonn\u00e9e dans une expo \u00e0 Saint-Claud"},"content":{"rendered":"<p>\u00c0 cette \u00e9poque, en plein covid, si certains ont nourri des envies d\u2019ailleurs, les siennes avaient pour unique raison l\u2019\u00e9ch\u00e9ance du Brexit de 2021. Pouss\u00e9&#8230;<\/p>\n<p>\u00c0 cette \u00e9poque, en plein covid, si certains ont nourri des envies d\u2019ailleurs, les siennes avaient pour unique raison l\u2019\u00e9ch\u00e9ance du Brexit de 2021. Pouss\u00e9 \u00e0 agir au plus vite tant qu\u2019il \u00e9tait encore citoyen europ\u00e9en. \u00ab\u00a0On a visit\u00e9 une dizaine de maisons et craqu\u00e9 pour celle de Beaulieu-sur-Sonnette. Nous sommes arriv\u00e9s le 11\u00a0novembre 2020\u00a0\u00bb. Soit cinquante jours de la date fatidique sur l\u2019horloge du monde.<\/p>\n<p>Cinq ans plus tard, Henry Martin et son mari Haydn coulent des jours heureux dans la campagne verdoyante de Charente limousine dont ils ne se lassent pas.<\/p>\n<p>    La r\u00e9daction vous conseille<\/p>\n<p>Balades quotidiennes avec ses chiens<\/p>\n<p>De ses balades quotidiennes pour promener ses deux molosses, Hugo et Hira, matin et soir, Henry a peint quantit\u00e9 de paysages charentais. \u00ab\u00a0J\u2019aime les paysages ici. C\u2019est toujours beau m\u00eame quand il pleut. Je peins \u00e0 toutes les saisons mais j\u2019ai une pr\u00e9f\u00e9rence pour l\u2019hiver. La lumi\u00e8re y est plus intense.\u00a0\u00bb<\/p>\n<p>Depuis L\u2019automne dernier, il a resserr\u00e9 la focale sur les chemins de randonn\u00e9es de Charente pour une exposition visible \u00e0 Saint-Claud \u00e0 partir du vendredi 29\u00a0ao\u00fbt et pour une dur\u00e9e d\u2019un mois (lire encadr\u00e9)<\/p>\n<ul class=\"slides\">\n<li>\n<p>        <img decoding=\"async\" id=\"25616974\" src=\"https:\/\/www.europesays.com\/fr\/wp-content\/uploads\/2025\/08\/1000006446.jpg\" alt=\"Peinture de l\u2019exposition \u00ab\u00a0les randonn\u00e9es charentaises\u00a0\u00bb\" itemprop=\"contentURL\"\/><\/p>\n<p>    Peinture de l\u2019exposition \u00ab\u00a0les randonn\u00e9es charentaises\u00a0\u00bb<\/p>\n<p>Repro CL<\/p>\n<\/li>\n<li>\n<p>        <img decoding=\"async\" id=\"25616970\" src=\"https:\/\/www.europesays.com\/fr\/wp-content\/uploads\/2025\/08\/1000006440.jpg\" alt=\"Peinture de l\u2019exposition \u00ab\u00a0les randonn\u00e9es charentaises \u00bb\" itemprop=\"contentURL\"\/><\/p>\n<p>    Peinture de l\u2019exposition \u00ab\u00a0les randonn\u00e9es charentaises \u00bb<\/p>\n<p>Repro CL<\/p>\n<\/li>\n<li>\n<p>        <img decoding=\"async\" id=\"25616972\" src=\"https:\/\/www.europesays.com\/fr\/wp-content\/uploads\/2025\/08\/1000006452.jpg\" alt=\"Peinture de l\u2019exposition \u00ab\u00a0les randonn\u00e9es charentaises \u00bb\" itemprop=\"contentURL\"\/><\/p>\n<p>    Peinture de l\u2019exposition \u00ab\u00a0les randonn\u00e9es charentaises \u00bb<\/p>\n<p>Repro CL<\/p>\n<\/li>\n<\/ul>\n<p>Il avoue aussi avoir eu un vrai coup de c\u0153ur pour la mignonne \u00e9glise de son village. \u00ab\u00a0Je l\u2019ai peinte plus que n\u2019importe quel autre monument.\u00a0\u00bb En Charente, d\u2019autres sujets embl\u00e9matiques, comme les ch\u00e2teaux de Verteuil et <a href=\"https:\/\/www.charentelibre.fr\/societe\/insolite\/insolite-un-antiquaire-fait-visiter-le-chateau-de-la-rochefoucauld-et-leve-le-voile-sur-ses-meubles-de-caractere-25476483.php\" rel=\"nofollow noopener\" target=\"_blank\">La Rochefoucauld<\/a>, sont pass\u00e9s entre ses pinceaux.<\/p>\n<p>\u00ab\u00a0Ces gens ne nous aiment pas\u00a0\u00bb<\/p>\n<p>Henry Martin, 57\u00a0ans, originaire de Manchester \u00ab\u00a0au milieu de la City\u00a0\u00bb, n\u2019a pas toujours \u00e9t\u00e9 peintre professionnel. Dans sa prime jeunesse, cela tenait plut\u00f4t du hobby. Par la force des choses et des \u00e9v\u00e8nements, il en a fait un gagne-pain honorable. \u00ab\u00a0J\u2019\u00e9cris aussi des livres sur la spiritualit\u00e9.\u00a0\u00bb<\/p>\n<p>Cette m\u00eame \u00ab\u00a0spiritualit\u00e9\u00a0\u00bb qui l\u2019a conduit \u00e0 embrasser le m\u00e9tier de pr\u00eatre-aumonier dans les prisons de Manchester et de Londres. \u00ab\u00a0J\u2019ai fait \u00e7a pendant sept ans. Je venais chaque matin mais j\u2019avais le droit de ressortir le soir (sourire). C\u2019\u00e9tait int\u00e9ressant, pas amusant, mais int\u00e9ressant.\u00a0\u00bb<\/p>\n<p>Mais l\u2019homosexualit\u00e9 de Henry Martin, pacs\u00e9 depuis treize ans avec Haydn, aura raison de sa vocation au sein de l\u2019\u00c9glise anglicane. \u00ab\u00a0Ces gens ne nous aiment pas.\u00a0\u00bb Il se reconvertit donc artiste\/auteur dont il a le statut depuis mai 2017.<\/p>\n<p>        <img decoding=\"async\" id=\"25616967\" src=\"https:\/\/www.europesays.com\/fr\/wp-content\/uploads\/2025\/08\/20250820-152722.jpg\" alt=\"Henry Martin assis dans son atelier.\" itemprop=\"contentURL\"\/><\/p>\n<p>    Henry Martin assis dans son atelier.<\/p>\n<p>CL<\/p>\n<p>    Int\u00e9gration charentaise<\/p>\n<p>En Charente, Henry Martin joue \u00e0 fond la carte de l\u2019int\u00e9gration. Bien mieux que Duolingo, il fr\u00e9quente des groupes de conversation une fois par semaine\u00a0\u00e0 Roumazi\u00e8res\u00a0: \u00ab\u00a0Je pr\u00e9f\u00e8re parler aux gens pour apprendre le fran\u00e7ais qu\u2019\u00e0 une application.\u00a0\u00bb<\/p>\n<p>Il a aussi \u00e9t\u00e9 approch\u00e9 pour animer un cours d\u2019art toujours \u00e0 Roumazi\u00e8res. \u00ab\u00a0Ils m\u2019ont dit qu\u2019ils cherchaient un professeur. Je leur ai dit que je n\u2019\u00e9tais pas prof mais que je voulais bien essayer. Je suis tr\u00e8s content avec \u00e7a.\u00a0\u00bb<\/p>\n<p>Enfin, avec le groupe <a href=\"https:\/\/www.charentelibre.fr\/charente\/mansle\/le-club-de-peintres-charente-plein-air-s-arrete-a-mansle-13787786.php\" target=\"_blank\" rel=\"follow nofollow noopener\">Plein Air Charente<\/a> chaque premier mardi du mois, il part peindre en ext\u00e9rieur. \u00ab\u00a0On est une trentaine de membres, on est une majorit\u00e9 d\u2019Anglais, on aimerait avoir plus de Fran\u00e7ais.\u00a0\u00bb<\/p>\n<p>Le sujet de sa majest\u00e9 r\u00eave d\u00e9sormais d\u2019\u00eatre fait un jour citoyen fran\u00e7ais. Pour continuer \u00e0 vivre pleinement avec son mari Haydn, et les deux chiens, Hugo et Hira, ramen\u00e9s de la SPA de Mornac. \u00ab\u00a0Nous sommes les 4H.\u00a0\u00bb C\u2019est m\u00eame inscrit sur un mur ext\u00e9rieur de leur maison cocon.<\/p>\n<p>Son dernier livre \u00ab\u00a0<a href=\"https:\/\/www.fnac.com\/livre-numerique\/a18760322\/Henry-Martin-The-Dog-Walker-s-Guide-to-God-52-musings-on-companionship-Divine-and-canine#FORMAT=ebook%20(ePub)\" target=\"_blank\" rel=\"nofollow noopener\">The Dog Walker\u2019s Guide to God<\/a>\u00a0\u00bb, m\u00eale d\u2019ailleurs avec humour passion des chiens et inclination pour le Tr\u00e8s-Haut.<\/p>\n<p>Contact. Henry Martin 2 rue Chez l\u2019Hiver 16450 Beaulieu-sur-Sonnette. 06\u00a030\u00a021\u00a082\u00a033<\/p>\n<p>h3nrymartin@gmail.com et I<a href=\"https:\/\/www.instagram.com\/p\/DNahxE_sUbk\/\" target=\"_blank\" rel=\"nofollow noopener\">nstagram@henrymartinpaintings<\/a><\/p>\n<p>    Expo \u00e0 Saint-Claud \u00e0 partir du 29\u00a0ao\u00fbt<br \/>\n\u00ab\u00a0Les randonn\u00e9es charentaises\u00a0\u00bb, c\u2019est le th\u00e8me de l\u2019exposition que propose Henry Martin au <a href=\"https:\/\/www.saintclaud.fr\/point-info.html\" target=\"_blank\" rel=\"nofollow noopener\">point info de Saint-Claud<\/a>, place Sadi-Carnot, du vendredi 29\u00a0ao\u00fbt, jour du vernissage, et pour une dur\u00e9e d\u2019un mois. Mais attention, le point info n\u2019est ouvert que le vendredi-samedi-dimanche et que le matin de 10h-12h30. Il en sera ainsi pendant toute la dur\u00e9e de l\u2019exposition jusqu\u2019au dimanche 28\u00a0septembre. Une trentaine d\u2019\u0153uvres seront visibles.<br \/>\n    <script async src=\"\/\/www.instagram.com\/embed.js\"><\/script><\/p>\n","protected":false},"excerpt":{"rendered":"\u00c0 cette \u00e9poque, en plein covid, si certains ont nourri des envies d\u2019ailleurs, les siennes avaient pour unique&hellip;\n","protected":false},"author":2,"featured_media":347761,"comment_status":"","ping_status":"","sticky":false,"template":"","format":"standard","meta":{"footnotes":""},"categories":[1358],"tags":[1348,1384,1385,1386,58,59,1011,27],"class_list":{"0":"post-347760","1":"post","2":"type-post","3":"status-publish","4":"format-standard","5":"has-post-thumbnail","7":"category-arts-et-design","8":"tag-arts","9":"tag-arts-and-design","10":"tag-arts-et-design","11":"tag-design","12":"tag-divertissement","13":"tag-entertainment","14":"tag-fr","15":"tag-france"},"share_on_mastodon":{"url":"https:\/\/pubeurope.com\/@fr\/115101173560919690","error":""},"_links":{"self":[{"href":"https:\/\/www.europesays.com\/fr\/wp-json\/wp\/v2\/posts\/347760","targetHints":{"allow":["GET"]}}],"collection":[{"href":"https:\/\/www.europesays.com\/fr\/wp-json\/wp\/v2\/posts"}],"about":[{"href":"https:\/\/www.europesays.com\/fr\/wp-json\/wp\/v2\/types\/post"}],"author":[{"embeddable":true,"href":"https:\/\/www.europesays.com\/fr\/wp-json\/wp\/v2\/users\/2"}],"replies":[{"embeddable":true,"href":"https:\/\/www.europesays.com\/fr\/wp-json\/wp\/v2\/comments?post=347760"}],"version-history":[{"count":0,"href":"https:\/\/www.europesays.com\/fr\/wp-json\/wp\/v2\/posts\/347760\/revisions"}],"wp:featuredmedia":[{"embeddable":true,"href":"https:\/\/www.europesays.com\/fr\/wp-json\/wp\/v2\/media\/347761"}],"wp:attachment":[{"href":"https:\/\/www.europesays.com\/fr\/wp-json\/wp\/v2\/media?parent=347760"}],"wp:term":[{"taxonomy":"category","embeddable":true,"href":"https:\/\/www.europesays.com\/fr\/wp-json\/wp\/v2\/categories?post=347760"},{"taxonomy":"post_tag","embeddable":true,"href":"https:\/\/www.europesays.com\/fr\/wp-json\/wp\/v2\/tags?post=347760"}],"curies":[{"name":"wp","href":"https:\/\/api.w.org\/{rel}","templated":true}]}}