{"id":347762,"date":"2025-08-27T14:21:12","date_gmt":"2025-08-27T14:21:12","guid":{"rendered":"https:\/\/www.europesays.com\/fr\/347762\/"},"modified":"2025-08-27T14:21:12","modified_gmt":"2025-08-27T14:21:12","slug":"etats-unis-un-livre-de-retour-a-la-bibliotheque-avec-82-ans-de-retard","status":"publish","type":"post","link":"https:\/\/www.europesays.com\/fr\/347762\/","title":{"rendered":"Etats-Unis. Un livre de retour \u00e0 la biblioth\u00e8que avec\u2026 82 ans de retard!"},"content":{"rendered":"<p>C\u2019est un pr\u00eat \u00e0 tr\u00e8s longue dur\u00e9e pour ce livre sign\u00e9 Frances Bruce Strain. Intitul\u00e9 \u201cVotre enfant, sa famille et ses amis\u201d, l\u2019ouvrage devait \u00eatre emprunt\u00e9 seulement 28 jours au maximum, selon le r\u00e8glement de la biblioth\u00e8que de San Antonio (Texas).<\/p>\n<p>Le bail a finalement dur\u00e9 82 ans, avant que le livre de l\u2019autrice, \u00e9galement psychologue et conseill\u00e8re matrimoniale et familiale, ne retrouve sa place dans son \u00e9tag\u00e8re.\u00a0<\/p>\n<p>C\u2019est la fille d\u2019un homme r\u00e9cemment d\u00e9c\u00e9d\u00e9 qui a restitu\u00e9 ce livre qui avait \u00e9t\u00e9 emprunt\u00e9 le 30 juillet 1943, comme\u00a0<a href=\"https:\/\/www.cbsnews.com\/news\/library-book-returned-san-antonio-82-years-late\/\" target=\"_blank\" rel=\"nofollow noopener\">le rapporte CBS<\/a>.<\/p>\n<p>Dans les affaires de son d\u00e9funt p\u00e8re, elle a ainsi retrouv\u00e9 l&rsquo;\u0153uvre de Frances Bruce Strain.<\/p>\n<p>\u00abEsp\u00e9rons qu\u2019il n\u2019y aura pas de frais de retard\u00bb<\/p>\n<p>L\u2019Am\u00e9ricaine a renvoy\u00e9 le bouquin, probablement emprunt\u00e9 par sa grand-m\u00e8re, avec une lettre que la biblioth\u00e8que texane a partag\u00e9e sur ses r\u00e9seaux sociaux.<\/p>\n<p>\u201cApr\u00e8s la mort r\u00e9cente de mon p\u00e8re, j\u2019ai h\u00e9rit\u00e9 de quelques bo\u00eetes de livres qu\u2019il a laiss\u00e9es derri\u00e8re moi\u201d, y explique celle qui signe avec les initiales P.A.A.G. \u201cMa grand-m\u00e8re a \u00e9t\u00e9 transf\u00e9r\u00e9e \u00e0 Mexico pour travailler \u00e0 l\u2019ambassade des \u00c9tats-Unis et elle a d\u00fb emmener le livre avec elle\u201d.<\/p>\n<p>Elle demande \u00e0 la biblioth\u00e8que publique de San Antonio de faire gr\u00e2ce des p\u00e9nalit\u00e9s : \u201cEsp\u00e9rons qu\u2019il n\u2019y aura pas de frais de retard \u00e0 payer, car grand-m\u00e8re ne pourra plus les r\u00e9gler\u201d.<\/p>\n<p>En s\u2019appuyant sur les tarifs de l\u2019\u00e9poque, \u00e0 raison de 0,03 dollar par journ\u00e9e de retard, l\u2019amende devrait s\u2019\u00e9lever \u00e0 environ 900 dollars (770 euros). En prenant compte de l\u2019inflation, la note exploserait \u00e0 16 000 dollars (plus de 13 000 euros).<\/p>\n<p>Ce n&rsquo;est pas un record<\/p>\n<p>Heureusement pour la famille retardataire, <a href=\"https:\/\/www.leprogres.fr\/insolite\/2025\/02\/27\/il-decouvre-une-lettre-dans-une-bouteille-jetee-a-la-mer-il-y-a-55-ans-et-retrouve-son-auteur\" target=\"_blank\" rel=\"nofollow noopener\">l&rsquo;histoire se finit bien<\/a>. La biblioth\u00e8que de San Antonio a annonc\u00e9 dans un communiqu\u00e9 de presse ne plus facturer des frais de retard depuis 2021.<\/p>\n<p>Le livre, rendu en \u201cbon \u00e9tat\u201d, sera expos\u00e9 \u00e0 la biblioth\u00e8que centrale de la ville jusqu\u2019\u00e0 la fin du mois avant d\u2019\u00eatre donn\u00e9 aux Amis de la biblioth\u00e8que publique de San Antonio et vendu au profit de l&rsquo;\u00e9tablissement.<\/p>\n<p>Il ne s&rsquo;agit pas du record du retard le plus long en mati\u00e8re d&#8217;emprunt de livre. Cette performance est toujours d\u00e9tenue, selon le Livre des records, par un ouvrage rendu au Sidney Sussex College de l\u2019Universit\u00e9 de Cambridge, en Angleterre, en 1956. Il avait \u00e9t\u00e9 emprunt\u00e9 en 1668, soit 288 ans plus t\u00f4t\u00a0! <\/p>\n","protected":false},"excerpt":{"rendered":"C\u2019est un pr\u00eat \u00e0 tr\u00e8s longue dur\u00e9e pour ce livre sign\u00e9 Frances Bruce Strain. Intitul\u00e9 \u201cVotre enfant, sa&hellip;\n","protected":false},"author":2,"featured_media":347763,"comment_status":"","ping_status":"","sticky":false,"template":"","format":"standard","meta":{"footnotes":""},"categories":[1357],"tags":[1379,1687,58,59,107,1011,27,329,1757,1380,273],"class_list":{"0":"post-347762","1":"post","2":"type-post","3":"status-publish","4":"format-standard","5":"has-post-thumbnail","7":"category-livres","8":"tag-books","9":"tag-culture-loisirs","10":"tag-divertissement","11":"tag-entertainment","12":"tag-fil-info","13":"tag-fr","14":"tag-france","15":"tag-france-monde","16":"tag-insolite","17":"tag-livres","18":"tag-selection-de-la-redaction"},"share_on_mastodon":{"url":"https:\/\/pubeurope.com\/@fr\/115101177378309483","error":""},"_links":{"self":[{"href":"https:\/\/www.europesays.com\/fr\/wp-json\/wp\/v2\/posts\/347762","targetHints":{"allow":["GET"]}}],"collection":[{"href":"https:\/\/www.europesays.com\/fr\/wp-json\/wp\/v2\/posts"}],"about":[{"href":"https:\/\/www.europesays.com\/fr\/wp-json\/wp\/v2\/types\/post"}],"author":[{"embeddable":true,"href":"https:\/\/www.europesays.com\/fr\/wp-json\/wp\/v2\/users\/2"}],"replies":[{"embeddable":true,"href":"https:\/\/www.europesays.com\/fr\/wp-json\/wp\/v2\/comments?post=347762"}],"version-history":[{"count":0,"href":"https:\/\/www.europesays.com\/fr\/wp-json\/wp\/v2\/posts\/347762\/revisions"}],"wp:featuredmedia":[{"embeddable":true,"href":"https:\/\/www.europesays.com\/fr\/wp-json\/wp\/v2\/media\/347763"}],"wp:attachment":[{"href":"https:\/\/www.europesays.com\/fr\/wp-json\/wp\/v2\/media?parent=347762"}],"wp:term":[{"taxonomy":"category","embeddable":true,"href":"https:\/\/www.europesays.com\/fr\/wp-json\/wp\/v2\/categories?post=347762"},{"taxonomy":"post_tag","embeddable":true,"href":"https:\/\/www.europesays.com\/fr\/wp-json\/wp\/v2\/tags?post=347762"}],"curies":[{"name":"wp","href":"https:\/\/api.w.org\/{rel}","templated":true}]}}