{"id":347764,"date":"2025-08-27T14:22:16","date_gmt":"2025-08-27T14:22:16","guid":{"rendered":"https:\/\/www.europesays.com\/fr\/347764\/"},"modified":"2025-08-27T14:22:16","modified_gmt":"2025-08-27T14:22:16","slug":"audiences-plus-grand-ecart-historique-entre-cnews-et-bfmtv-hier","status":"publish","type":"post","link":"https:\/\/www.europesays.com\/fr\/347764\/","title":{"rendered":"Audiences : Plus grand \u00e9cart historique entre CNews et BFMTV hier"},"content":{"rendered":"<p>            <img loading=\"lazy\" decoding=\"async\" src=\"https:\/\/www.europesays.com\/fr\/wp-content\/uploads\/2025\/04\/62-634431c674c20-35x35-1.jpg\" class=\"author-article-picture\" width=\"35\" height=\"35\"\/><\/p>\n<p>                Par<br \/>\n                                    <a class=\"author-article-bio-link\" href=\"https:\/\/www.ozap.com\/auteur\/benjamin-rabier_a62\" rel=\"nofollow noopener\" target=\"_blank\">Benjamin Rabier<\/a><br \/>\n                                                    | R\u00e9dacteur en chef<\/p>\n<p>\n                Addict aux audiences, Benjamin Rabier a chopp\u00e9 le virus de la t\u00e9l\u00e9vision gr\u00e2ce \u00e0 la \u00ab\u00a0Star Academy\u00a0\u00bb. Intrigu\u00e9 par l\u2019envers du d\u00e9cor, il a d\u00e9cid\u00e9 d\u2019en faire son m\u00e9tier. 20 ans plus tard, s\u2019il ne rate (presque) jamais un prime de \u00ab\u00a0The Voice\u00a0\u00bb, il peut vibrer devant une comp\u00e9tition sportive, se passionner pour un documentaire ou d\u00e9vorer une s\u00e9rie en un week-end.\n            <\/p>\n<p>\n    La cha\u00eene port\u00e9e par Pascal Praud, Sonia Mabrouk ou encore Jean-Marc Morandini ne cesse de prendre de l&rsquo;avance sur sa concurrente directe.\n<\/p>\n<p>                            <img loading=\"lazy\" decoding=\"async\" class=\"player-thumbnail\" src=\"https:\/\/www.europesays.com\/fr\/wp-content\/uploads\/2025\/08\/1b67d1869ba8a4db-580x326-1.jpg\" width=\"580\" height=\"326\"\/><\/p>\n<p>                    Perrine Storme va troquer la tranche du 22h-00h pour la matinale \u00a9 BFMTV<\/p>\n<p>La suite apr\u00e8s la publicit\u00e9<\/p>\n<p>Le match est-il d\u00e9j\u00e0 pli\u00e9 ? Depuis hier, les cha\u00eenes d&rsquo;information ont fait leur rentr\u00e9e. Si BFMTV a multipli\u00e9 les changements apr\u00e8s les nombreux d\u00e9parts suscit\u00e9s par l&rsquo;ouverture d&rsquo;une clause de cession d\u00e9clench\u00e9e par le rachat de l&rsquo;entreprise audiovisuelle par CMA Media (Rodolphe Saad\u00e9), CNews a mis\u00e9 sur la continuit\u00e9. Une strat\u00e9gie qui porte d\u00e9j\u00e0 ses fruits pour la cha\u00eene de <a href=\"https:\/\/www.ozap.com\/personnalite\/serge-nedjar_e554577\" rel=\"nofollow noopener\" target=\"_blank\">Serge Nedjar<\/a>. Mardi 26 ao\u00fbt 2025, selon M\u00e9diam\u00e9trie, CNews a m\u00eame enregistr\u00e9 le plus grand \u00e9cart d&rsquo;audience historique avec sa rivale du canal 13 en la devan\u00e7ant de 2 points de PDA. Le pr\u00e9c\u00e9dent record datait 18 mars dernier. Ce jour-l\u00e0, 1,8 point de part d&rsquo;audience s\u00e9parait les deux cha\u00eenes.<\/p>\n<p>Dans le d\u00e9tail, selon l&rsquo;institut sp\u00e9cialis\u00e9 dans la mesure des audiences t\u00e9l\u00e9, CNews a affich\u00e9 4,5% de part de march\u00e9 sur l&rsquo;ensemble de la journ\u00e9e contre seulement 2,5% de PDA pour BFMTV, 2,2% pour LCI et 1,2% pour Franceinfo. Lot de consolation pour BFMTV, la cha\u00eene dirig\u00e9e par Jean-Philippe Baille et <a href=\"https:\/\/www.ozap.com\/personnalite\/fabien-namias_e233468\" rel=\"nofollow noopener\" target=\"_blank\">Fabien Namias<\/a> est largement leader sur la cible tant convoit\u00e9e des cha\u00eenes priv\u00e9es et des annonceurs, les 25-49 ans. Sur cette cible, BFMTV est facilement leader avec 3,2%, contre seulement 2,2% pour CNews, 1,3% pour LCI et 1,1% pour Franceinfo.\u00a0<\/p>\n<p>CNews surpuissante le matin<\/p>\n<p>Parmi les succ\u00e8s de CNews hier, la matinale anim\u00e9e par <a href=\"https:\/\/www.ozap.com\/actu\/europe-1-romain-desarbres-matinalier-de-cnews-et-marie-estelle-dupont-recuperent-la-tranche-de-stephane-bern\/650760\" rel=\"nofollow noopener\" target=\"_blank\">Romain Desarbres<\/a> a \u00e9t\u00e9 suivie en moyenne par 316.000 t\u00e9l\u00e9spectateurs entre 6h et 9h, soit 14% du public pr\u00e9sent devant sa t\u00e9l\u00e9vision (+2,8 points sur une journ\u00e9e). Une tranche boost\u00e9e notamment par l&rsquo;interview de Sonia Mabrouk, co-diffus\u00e9e sur Europe 1. Entre 8h14 et 8h30, l&rsquo;entretien avec S\u00e9bastien Chenu (RN) a attir\u00e9 552.000 t\u00e9l\u00e9spectateurs pour une part d&rsquo;audience de 17,6%. De 9h \u00e0 10h30, <a href=\"https:\/\/www.ozap.com\/personnalite\/pascal-praud_e285802\" rel=\"nofollow noopener\" target=\"_blank\">Pascal Praud<\/a> a pu compter sur la fid\u00e9lit\u00e9 de 523.000 t\u00e9l\u00e9spectateurs (16,8% de PDA). De 10h30 \u00e0 12h, <a href=\"https:\/\/www.ozap.com\/personnalite\/jean-marc-morandini_e415\" rel=\"nofollow noopener\" target=\"_blank\">Jean-Marc Morandini<\/a> a inform\u00e9 465.000 t\u00e9l\u00e9spectateurs (13,4% du public).\u00a0<\/p>\n<p>        <img decoding=\"async\" class=\"thumb-img-100 thumb-img\" src=\"https:\/\/www.europesays.com\/fr\/wp-content\/uploads\/2025\/08\/a1e1df509c8db2f7-320x180-1.jpg\" alt=\"&quot;Une ligne \u00e9ditoriale que je n'ai jamais partag\u00e9e&quot; : Karim Zeribi annonce son d\u00e9part de CNews apr\u00e8s 7 saisons\" width=\"320\" height=\"180\" loading=\"lazy\" role=\"presentation\"\/><\/p>\n<p>                                            \u00ab\u00a0Une ligne \u00e9ditoriale que je n&rsquo;ai jamais partag\u00e9e\u00a0\u00bb : Karim Zeribi annonce son d\u00e9part de CNews apr\u00e8s 7 saisons<\/p>\n<p>        <img decoding=\"async\" class=\"thumb-img-100 thumb-img\" src=\"https:\/\/www.europesays.com\/fr\/wp-content\/uploads\/2025\/08\/4861f66c05b4886c-320x180-1.png\" alt=\"&quot;Le caract\u00e8re r\u00e9p\u00e9t\u00e9 et d\u00e9nu\u00e9 de rigueur&quot; : CNews \u00e9pingl\u00e9 par l'Arcom pour sa couverture du proc\u00e8s de Marine Le Pen\" width=\"320\" height=\"180\" loading=\"lazy\" role=\"presentation\"\/><\/p>\n<p>                                            \u00ab\u00a0Le caract\u00e8re r\u00e9p\u00e9t\u00e9 et d\u00e9nu\u00e9 de rigueur\u00a0\u00bb : CNews \u00e9pingl\u00e9 par l&rsquo;Arcom pour sa couverture du proc\u00e8s de Marine Le Pen<\/p>\n<p>        <img decoding=\"async\" class=\"thumb-img-100 thumb-img\" src=\"https:\/\/www.europesays.com\/fr\/wp-content\/uploads\/2025\/08\/25bd97020e73b7de-320x180-1.png\" alt=\"&quot;C'est parfaitement inadmissible&quot; : Pascal Praud interrompt en urgence un auditeur qui insulte Emmanuel Macron en direct sur Europe 1 et pr\u00e9sente ses excuses aux auditeurs\" width=\"320\" height=\"180\" loading=\"lazy\" role=\"presentation\"\/><\/p>\n<p>                                            \u00ab\u00a0C&rsquo;est parfaitement inadmissible\u00a0\u00bb : Pascal Praud interrompt en urgence un auditeur qui insulte Emmanuel Macron en direct sur Europe 1 et pr\u00e9sente ses excuses aux auditeurs<\/p>\n","protected":false},"excerpt":{"rendered":"Par Benjamin Rabier | R\u00e9dacteur en chef Addict aux audiences, Benjamin Rabier a chopp\u00e9 le virus de la&hellip;\n","protected":false},"author":2,"featured_media":347765,"comment_status":"","ping_status":"","sticky":false,"template":"","format":"standard","meta":{"footnotes":""},"categories":[1356],"tags":[58,59,1011,27,252,1364],"class_list":{"0":"post-347764","1":"post","2":"type-post","3":"status-publish","4":"format-standard","5":"has-post-thumbnail","7":"category-television","8":"tag-divertissement","9":"tag-entertainment","10":"tag-fr","11":"tag-france","12":"tag-television","13":"tag-tv"},"share_on_mastodon":{"url":"https:\/\/pubeurope.com\/@fr\/115101181721067302","error":""},"_links":{"self":[{"href":"https:\/\/www.europesays.com\/fr\/wp-json\/wp\/v2\/posts\/347764","targetHints":{"allow":["GET"]}}],"collection":[{"href":"https:\/\/www.europesays.com\/fr\/wp-json\/wp\/v2\/posts"}],"about":[{"href":"https:\/\/www.europesays.com\/fr\/wp-json\/wp\/v2\/types\/post"}],"author":[{"embeddable":true,"href":"https:\/\/www.europesays.com\/fr\/wp-json\/wp\/v2\/users\/2"}],"replies":[{"embeddable":true,"href":"https:\/\/www.europesays.com\/fr\/wp-json\/wp\/v2\/comments?post=347764"}],"version-history":[{"count":0,"href":"https:\/\/www.europesays.com\/fr\/wp-json\/wp\/v2\/posts\/347764\/revisions"}],"wp:featuredmedia":[{"embeddable":true,"href":"https:\/\/www.europesays.com\/fr\/wp-json\/wp\/v2\/media\/347765"}],"wp:attachment":[{"href":"https:\/\/www.europesays.com\/fr\/wp-json\/wp\/v2\/media?parent=347764"}],"wp:term":[{"taxonomy":"category","embeddable":true,"href":"https:\/\/www.europesays.com\/fr\/wp-json\/wp\/v2\/categories?post=347764"},{"taxonomy":"post_tag","embeddable":true,"href":"https:\/\/www.europesays.com\/fr\/wp-json\/wp\/v2\/tags?post=347764"}],"curies":[{"name":"wp","href":"https:\/\/api.w.org\/{rel}","templated":true}]}}