{"id":347766,"date":"2025-08-27T14:23:12","date_gmt":"2025-08-27T14:23:12","guid":{"rendered":"https:\/\/www.europesays.com\/fr\/347766\/"},"modified":"2025-08-27T14:23:12","modified_gmt":"2025-08-27T14:23:12","slug":"helena-a-choisi-son-nouveau-single-et-les-fans-vont-etre-aux-anges","status":"publish","type":"post","link":"https:\/\/www.europesays.com\/fr\/347766\/","title":{"rendered":"Helena a choisi son nouveau single, et les fans vont \u00eatre aux anges !"},"content":{"rendered":"<p><img decoding=\"async\" src=\"https:\/\/www.europesays.com\/fr\/wp-content\/uploads\/2025\/08\/photo_1756224103.jpg\" class=\"textcenter img-content\" loading=\"lazy\"\/>Abaca<br \/>\n<br \/>\nUn v\u00e9ritable tourbillon. Voil\u00e0 comment r\u00e9sumer la jeune carri\u00e8re entam\u00e9e par Helena depuis sa sortie de la \u00ab\u00a0Star Academy\u00a0\u00bb d\u00e9but 2024. En l&rsquo;espace d&rsquo;un an et demi, la chanteuse belge a sign\u00e9 deux tubes (<a href=\"https:\/\/www.chartsinfrance.net\/Star-Academy\/news-129710.html\" target=\"_blank\" class=\"spip_out\" rel=\"nofollow noopener\">\u00ab\u00a0Summer Body\u00a0\u00bb<\/a> et <a href=\"https:\/\/www.chartsinfrance.net\/actualite\/news-131341.html\" target=\"_blank\" class=\"spip_out\" rel=\"nofollow noopener\">\u00ab\u00a0Mauvais gar\u00e7on\u00a0\u00bb<\/a>, certifi\u00e9 single de diamant pour plus de 50 millions de streams), remport\u00e9 <a href=\"https:\/\/www.chartsinfrance.net\/actualite\/news-130897.html\" target=\"_blank\" class=\"spip_out\" rel=\"nofollow noopener\">deux Purecharts Awards<\/a> et d\u00e9croch\u00e9 son premier num\u00e9ro un en France avec l&rsquo;album \u00ab\u00a0H\u00e9l\u00e9\u00a0\u00bb. En moins de six mois, le disque compte 84.000 adeptes et file tout droit vers le disque de platine ! \u00ab Je pense que je suis au degr\u00e9 maximal du bonheur. Apr\u00e8s la tourn\u00e9e \u00ab\u00a0Star Academy\u00a0\u00bb, je me suis demand\u00e9 si je revivrais un jour la m\u00eame chose. Et sinc\u00e8rement, je ne pensais pas que \u00e7a arriverait si vite, et avec autant d&rsquo;intensit\u00e9 \u00bb admet aupr\u00e8s de T\u00e9l\u00e9 7 Jours le ph\u00e9nom\u00e8ne musical de l&rsquo;ann\u00e9e. Apr\u00e8s <a href=\"https:\/\/www.chartsinfrance.net\/actualite\/news-132942.html\" target=\"_blank\" class=\"spip_out\" rel=\"nofollow noopener\">un premier Olympia<\/a>, elle partira \u00e0 l&rsquo;assaut des Z\u00e9nith d\u00e8s le mois d&rsquo;octobre.<\/p>\n<p>Le player Dailymotion est en train de se charger&#8230;<\/p>\n<p>\u00ab\u00a0Tout a chang\u00e9, rien n&rsquo;a chang\u00e9&#8230;\u00a0\u00bb<br \/>\nEt ces concerts programm\u00e9s \u00e0 Amiens, Lille, Lyon, Nantes, Paris, Nice, Marseille, Bruxelles ou Montpellier jusqu&rsquo;\u00e0 la fin de l&rsquo;ann\u00e9e se feront en musique avec un nouveau single \u00e0 fredonner pour les spectateurs. Alors qu&rsquo;Helena a pass\u00e9 des vacances d&rsquo;\u00e9t\u00e9 tr\u00e8s studieuses sur la route des festivals, les fans ont \u00e9mis toutes les hypoth\u00e8ses concernant la suite de l&rsquo;exploitation du disque. Pour prendre le relais de <a href=\"https:\/\/www.chartsinfrance.net\/Helena\/news-132476.html\" target=\"_blank\" class=\"spip_out\" rel=\"nofollow noopener\">\u00ab\u00a0M\u00e9latonine\u00a0\u00bb<\/a>, soutenu par Helena sur les plateaux radio et t\u00e9l\u00e9 durant le printemps, l&rsquo;ancienne candidate de la \u00ab\u00a0Star Academy\u00a0\u00bb a jet\u00e9 son d\u00e9volu sur&#8230; \u00ab\u00a0Tout a chang\u00e9 (Rien n&rsquo;a chang\u00e9)\u00a0\u00bb ! Moment-cl\u00e9 de son spectacle, la chanson fait le pont entre l&rsquo;ancienne et la nouvelle Helena, qui reste au fond la m\u00eame jeune femme avec des r\u00eaves plein la t\u00eate, m\u00eame si tout est s&rsquo;acc\u00e9l\u00e9r\u00e9 \u00e0 vitesse grand V pour elle. \u00ab Tout a chang\u00e9, rien n&rsquo;a chang\u00e9 \/ C&rsquo;est toujours la m\u00eame fille \/ Que tu connais, que tu connais \/ Dis-moi qu&rsquo;t&rsquo;as reconnu mon rire \u00bb y chante-t-elle sur un refrain radiophonique confectionn\u00e9 avec Romain Botti et Jonathan Cagne.<\/p>\n<p>En radio justement, \u00ab\u00a0Tout a chang\u00e9 (Rien n&rsquo;a chang\u00e9)\u00a0\u00bb fait d\u00e9j\u00e0 des \u00e9mules. Diffus\u00e9 en boucle sur NRJ, le morceau, que le label RCA a confirm\u00e9 \u00e0 Purecharts \u00eatre le nouveau single officiel de l&rsquo;album \u00ab\u00a0H\u00e9l\u00e9\u00a0\u00bb, signe la meilleure progression de la semaine dans le classement supervis\u00e9 par Muzicast, avec 105 places de gagn\u00e9es. Le titre int\u00e8gre ainsi le top 100 g\u00e9n\u00e9ral des chansons les plus diffus\u00e9es sur les ondes, \u00e0 la 90\u00e8me place. De bon augure pour la carri\u00e8re d&rsquo;un morceau qui pourrait s&rsquo;imposer comme le tube de la rentr\u00e9e !<\/p>\n","protected":false},"excerpt":{"rendered":"Abaca Un v\u00e9ritable tourbillon. Voil\u00e0 comment r\u00e9sumer la jeune carri\u00e8re entam\u00e9e par Helena depuis sa sortie de la&hellip;\n","protected":false},"author":2,"featured_media":347767,"comment_status":"","ping_status":"","sticky":false,"template":"","format":"standard","meta":{"footnotes":""},"categories":[1355],"tags":[58,59,1011,27,1361,873],"class_list":{"0":"post-347766","1":"post","2":"type-post","3":"status-publish","4":"format-standard","5":"has-post-thumbnail","7":"category-musique","8":"tag-divertissement","9":"tag-entertainment","10":"tag-fr","11":"tag-france","12":"tag-music","13":"tag-musique"},"share_on_mastodon":{"url":"https:\/\/pubeurope.com\/@fr\/115101185111609152","error":""},"_links":{"self":[{"href":"https:\/\/www.europesays.com\/fr\/wp-json\/wp\/v2\/posts\/347766","targetHints":{"allow":["GET"]}}],"collection":[{"href":"https:\/\/www.europesays.com\/fr\/wp-json\/wp\/v2\/posts"}],"about":[{"href":"https:\/\/www.europesays.com\/fr\/wp-json\/wp\/v2\/types\/post"}],"author":[{"embeddable":true,"href":"https:\/\/www.europesays.com\/fr\/wp-json\/wp\/v2\/users\/2"}],"replies":[{"embeddable":true,"href":"https:\/\/www.europesays.com\/fr\/wp-json\/wp\/v2\/comments?post=347766"}],"version-history":[{"count":0,"href":"https:\/\/www.europesays.com\/fr\/wp-json\/wp\/v2\/posts\/347766\/revisions"}],"wp:featuredmedia":[{"embeddable":true,"href":"https:\/\/www.europesays.com\/fr\/wp-json\/wp\/v2\/media\/347767"}],"wp:attachment":[{"href":"https:\/\/www.europesays.com\/fr\/wp-json\/wp\/v2\/media?parent=347766"}],"wp:term":[{"taxonomy":"category","embeddable":true,"href":"https:\/\/www.europesays.com\/fr\/wp-json\/wp\/v2\/categories?post=347766"},{"taxonomy":"post_tag","embeddable":true,"href":"https:\/\/www.europesays.com\/fr\/wp-json\/wp\/v2\/tags?post=347766"}],"curies":[{"name":"wp","href":"https:\/\/api.w.org\/{rel}","templated":true}]}}