{"id":347770,"date":"2025-08-27T14:25:11","date_gmt":"2025-08-27T14:25:11","guid":{"rendered":"https:\/\/www.europesays.com\/fr\/347770\/"},"modified":"2025-08-27T14:25:11","modified_gmt":"2025-08-27T14:25:11","slug":"trois-nouveaux-cas-confirmes-a-dijon","status":"publish","type":"post","link":"https:\/\/www.europesays.com\/fr\/347770\/","title":{"rendered":"trois nouveaux cas confirm\u00e9s \u00e0 Dijon"},"content":{"rendered":"<p>Ce mercredi, nous avons appris que trois nouveaux cas de chikungunya, cette maladie transmise <a href=\"https:\/\/www.bienpublic.com\/sante\/2025\/08\/20\/en-europe-les-moustiques-n-ont-jamais-tansmis-autant-de-maladies\" target=\"_blank\" rel=\"noopener\">par le moustique<\/a> , ont \u00e9t\u00e9 confirm\u00e9s entre le 13 et le 25 ao\u00fbt dans le quartier de la Maladi\u00e8re \u00e0 Dijon. Aussi, une deuxi\u00e8me op\u00e9ration de d\u00e9moustication a eu lieu dans la nuit du mercredi 20 au jeudi 21 ao\u00fbt.<\/p>\n<p>Pour rappel, en r\u00e9gion Bourgogne-Franche-Comt\u00e9, <a href=\"https:\/\/www.bienpublic.com\/sante\/2025\/08\/08\/un-premier-cas-de-chikungunya-autochtone-detecte-a-dijon\" target=\"_blank\" rel=\"noopener\">un premier cas autochtone avait \u00e9t\u00e9 d\u00e9tect\u00e9 vendredi 8\u00a0ao\u00fbt<\/a> , puis un second lundi 11\u00a0ao\u00fbt. Pour \u00e9viter la propagation de la maladie, une premi\u00e8re op\u00e9ration de d\u00e9moustication avait eu lieu dans la nuit du 11 au 12\u00a0ao\u00fbt. Puis, lors des journ\u00e9es des 12 et 13\u00a0ao\u00fbt, <a href=\"https:\/\/www.bienpublic.com\/sante\/2025\/08\/13\/deux-cas-de-chikungunya-a-dijon-il-faut-absolument-que-l-on-arrive-a-casser-les-chaines-de-transmission\" target=\"_blank\" rel=\"noopener\">des enqu\u00eates porte-\u00e0-porte se sont d\u00e9roul\u00e9es<\/a> avec des agents de l\u2019ARS, de Sant\u00e9 Publique France et de la Ville de Dijon.<\/p>\n<p>  Conseils pour se pr\u00e9munir de la maladie<\/p>\n<p>\u00ab\u00a0Le chikungunya est une maladie virale transmise par le moustique\u00a0\u00bb, rappelle le minist\u00e8re de la Sant\u00e9. \u00ab\u00a0La maladie peut passer inaper\u00e7ue ou se manifester en moyenne quatre \u00e0 sept jours apr\u00e8s une piq\u00fbre infectante.\u00a0\u00bb D\u2019apr\u00e8s l\u2019Agence r\u00e9gionale de sant\u00e9 de Bourgogne-Franche-Comt\u00e9 (ARS BFC), \u00ab\u00a0en cas de sympt\u00f4mes \u00e9vocateurs (fi\u00e8vre, douleurs musculaires ou articulaires, maux de t\u00eate, \u00e9ruption cutan\u00e9e)\u00a0\u00bb, il faut \u00ab\u00a0consulter un m\u00e9decin\u00a0\u00bb.<\/p>\n<p>\u00c0 la question, \u00ab\u00a0comment peut-on se prot\u00e9ger et agir contre la prolif\u00e9ration du chikungunya par le moustique-tigre\u00a0?\u00a0\u00bb, l\u2019ARS conseille de \u00ab\u00a0porter des v\u00eatements couvrants et amples\u00a0\u00bb, d\u2019\u00ab\u00a0utiliser un r\u00e9pulsif cutan\u00e9, particuli\u00e8rement le matin et en fin de journ\u00e9e\u00a0\u00bb, d\u2019\u00ab\u00a0utiliser des moustiquaires pour les nouveau-n\u00e9s ou les personnes alit\u00e9es\u00a0\u00bb. Aussi, il ne faut pas laisser d\u2019eau stagnante chez soi\u00a0: \u00ab\u00a0vider (une fois par semaine) coupelles et soucoupes sous les pots de fleurs, gamelles des animaux, replis des b\u00e2ches, seaux, pieds de parasol\u2026\u00a0\u00bb, \u00ab\u00a0couvrir herm\u00e9tiquement les r\u00e9cup\u00e9rateurs d\u2019eau\u00a0\u00bb, \u00ab\u00a0ranger (\u00e0 l\u2019abri de la pluie) les jouets, brouettes, seaux, arrosoirs\u00a0\u00bb, \u00ab\u00a0entretenir les goutti\u00e8res, rigoles, chenaux\u2026\u00a0\u00bb, \u00ab\u00a0jeter d\u00e9chets et pneus usag\u00e9s\u00a0\u00bb.<\/p>\n<p>  Un num\u00e9ro pour r\u00e9pondre aux questions<\/p>\n<p>\u00ab\u00a0Pour r\u00e9pondre aux questions du grand public, une ligne t\u00e9l\u00e9phonique d\u2019information d\u00e9di\u00e9e fonctionne 7 jours sur 7, de 8\u00a0h\u00a030 \u00e0 12 heures et de 13\u00a0h\u00a030 \u00e0 17 heures\u00a0: le 0\u00a0805\u00a0200\u00a0550\u00a0\u00bb, indique l\u2019ARS BFC.<\/p>\n","protected":false},"excerpt":{"rendered":"Ce mercredi, nous avons appris que trois nouveaux cas de chikungunya, cette maladie transmise par le moustique ,&hellip;\n","protected":false},"author":2,"featured_media":347771,"comment_status":"","ping_status":"","sticky":false,"template":"","format":"standard","meta":{"footnotes":""},"categories":[10],"tags":[2931,2930,8587,8588,107,1011,27,72,71],"class_list":{"0":"post-347770","1":"post","2":"type-post","3":"status-publish","4":"format-standard","5":"has-post-thumbnail","7":"category-sante","8":"tag-cote-dor","9":"tag-dijon","10":"tag-dijon-ville","11":"tag-edition-dijon-et-son-agglomeration","12":"tag-fil-info","13":"tag-fr","14":"tag-france","15":"tag-health","16":"tag-sante"},"share_on_mastodon":{"url":"https:\/\/pubeurope.com\/@fr\/115101192887424815","error":""},"_links":{"self":[{"href":"https:\/\/www.europesays.com\/fr\/wp-json\/wp\/v2\/posts\/347770","targetHints":{"allow":["GET"]}}],"collection":[{"href":"https:\/\/www.europesays.com\/fr\/wp-json\/wp\/v2\/posts"}],"about":[{"href":"https:\/\/www.europesays.com\/fr\/wp-json\/wp\/v2\/types\/post"}],"author":[{"embeddable":true,"href":"https:\/\/www.europesays.com\/fr\/wp-json\/wp\/v2\/users\/2"}],"replies":[{"embeddable":true,"href":"https:\/\/www.europesays.com\/fr\/wp-json\/wp\/v2\/comments?post=347770"}],"version-history":[{"count":0,"href":"https:\/\/www.europesays.com\/fr\/wp-json\/wp\/v2\/posts\/347770\/revisions"}],"wp:featuredmedia":[{"embeddable":true,"href":"https:\/\/www.europesays.com\/fr\/wp-json\/wp\/v2\/media\/347771"}],"wp:attachment":[{"href":"https:\/\/www.europesays.com\/fr\/wp-json\/wp\/v2\/media?parent=347770"}],"wp:term":[{"taxonomy":"category","embeddable":true,"href":"https:\/\/www.europesays.com\/fr\/wp-json\/wp\/v2\/categories?post=347770"},{"taxonomy":"post_tag","embeddable":true,"href":"https:\/\/www.europesays.com\/fr\/wp-json\/wp\/v2\/tags?post=347770"}],"curies":[{"name":"wp","href":"https:\/\/api.w.org\/{rel}","templated":true}]}}