{"id":347778,"date":"2025-08-27T14:29:13","date_gmt":"2025-08-27T14:29:13","guid":{"rendered":"https:\/\/www.europesays.com\/fr\/347778\/"},"modified":"2025-08-27T14:29:13","modified_gmt":"2025-08-27T14:29:13","slug":"la-gamme-passee-a-la-loupe","status":"publish","type":"post","link":"https:\/\/www.europesays.com\/fr\/347778\/","title":{"rendered":"la gamme pass\u00e9e \u00e0 la loupe"},"content":{"rendered":"<p itemprop=\"description\">Le 26 ao\u00fbt dernier, Peugeot d\u00e9voilait la version restyl\u00e9e de sa 308. La compacte et le break font donc (presque) peau neuve, avec un design plus moderne. Toutefois, vous vous en doutez, la marque a pr\u00e9sent\u00e9 cette version uniquement en finition haute. Que vaut le reste de la gamme ?<\/p>\n<p>EN BREF<\/p>\n<ul class=\"bloc_resume_post_list\">\n<li>\n<p>\t\t\t\t\t\t\t\tPeugeot a d\u00e9voil\u00e9 la version restyl\u00e9e de sa 308, apportant des am\u00e9liorations esth\u00e9tiques et techniques.\n\t\t\t\t\t\t<\/li>\n<li>\n<p>\t\t\t\t\t\t\t\tLa compacte au lion se d\u00e9cline d\u00e9sormais en finitions Style, Business (r\u00e9serv\u00e9e aux professionnels), Allure, GT et GT Exclusive.\n\t\t\t\t\t\t<\/li>\n<li>\n<p>\t\t\t\t\t\t\t\tLes tarifs de cette 308 restyl\u00e9e seront annonc\u00e9s \u00e0 l&rsquo;automne, au moment de l&rsquo;ouverture des commandes.\n\t\t\t\t\t\t<\/li>\n<\/ul>\n<p style=\"font-weight: 400;\">On l\u2019attendait depuis plusieurs semaines, elle est enfin l\u00e0. Peugeot vient de proc\u00e9der au restylage de sa 308, et le r\u00e9sultat est plut\u00f4t r\u00e9ussi. La berline compacte sochalienne s\u2019offre <strong>un tout nouveau regard, plus aff\u00fbt\u00e9, ainsi que quelques optimisations d\u2019ordre technique.<\/strong> Mais les finitions d\u2019entr\u00e9e et de milieu de gamme offrent-elles le m\u00eame rendu\u00a0? Voyons cela.<\/p>\n<p>    <strong>Peugeot 308 restyl\u00e9e\u00a0: une nouvelle finition GT Exclusive<\/strong> <\/p>\n<p style=\"font-weight: 400;\">Comme c\u2019est souvent le cas lors de la pr\u00e9sentation de nouveaux mod\u00e8les ou de versions restyl\u00e9es, <strong>Peugeot a bien entendu exhib\u00e9 sa <a href=\"https:\/\/www.autoplus.fr\/actualite\/peugeot-308-restylee-elle-fait-les-gros-yeux-a-la-volkswagen-golf-1395136.html\" target=\"_blank\" rel=\"noopener nofollow\">308 relift\u00e9e<\/a> en finition haute.<\/strong> Celle-ci profite d\u2019une dotation plus riche et d\u2019un look plus valorisant. Ainsi, sur le plan du design, <strong>les barrettes lumineuses plac\u00e9es sur la partie sup\u00e9rieure de la calandre, ainsi que le logo \u00e9clair\u00e9, sont r\u00e9serv\u00e9s aux finitions GT et GT Exclusive.<\/strong><\/p>\n<p style=\"font-weight: 400;\">Cette derni\u00e8re est d\u2019ailleurs in\u00e9dite au catalogue de la Peugeot 308. La marque l\u2019avait d\u00e9j\u00e0 ajout\u00e9e sur le configurateur de plusieurs mod\u00e8les, dont la petite <a href=\"https:\/\/www.autoplus.fr\/actualite\/leasing-social-2025-quelles-sont-mensualites-de-la-peugeot-e-208-1394052.html\" target=\"_blank\" rel=\"noopener nofollow\">208<\/a>. <strong>Cette finition se base sur le niveau GT, et y ajoute une sellerie en alcantara sp\u00e9cifique,<\/strong> ainsi que le pack Vision 360 &amp; Drive Assist Plus, entre autres.<\/p>\n<p style=\"font-weight: 400;\">La finition GT propose quant \u00e0 elle une dotation d\u00e9j\u00e0 riche. Elle retient <strong>les jantes en alliage diamant\u00e9es de 18 pouces, les projecteurs Matrix LED, le p\u00e9dalier en aluminium, et des inserts d\u00e9coratifs sp\u00e9cifiques.<\/strong> Il faudra en revanche attendre quelques semaines avant de conna\u00eetre les prix de cette Peugeot 308 restyl\u00e9e.<\/p>\n<p> <img loading=\"lazy\" decoding=\"async\" aria-describedby=\"caption-attachment-1395286\" itemprop=\"thumbnailUrl\" class=\"size-large wp-image-1395286 img-responsive \" src=\"https:\/\/www.europesays.com\/fr\/wp-content\/uploads\/2025\/08\/308_gt_exclusive_-768x512.png\" alt=\"Peugeot 308 restyl\u00e9e (GT Exclusive)\" width=\"768\" height=\"512\"\/> \u00a9  Peugeot<\/p>\n<p id=\"caption-attachment-1395286\" class=\"wp-caption-text\">C\u00a0\u00bbest d\u00e9sormais la finition GT Exclusive qui coiffe le catalogue de la 308.<\/p>\n<p>    <strong>Un design plus sobre pour les autres finitions<\/strong> <\/p>\n<p style=\"font-weight: 400;\">Positionn\u00e9e au milieu de la gamme, la finition Allure fait certes l\u2019impasse sur certains gimmicks stylistiques, mais elle pr\u00e9sente bien. Elle n\u2019a pas droit \u00e0 la signature lumineuse compl\u00e8te, mais seulement aux trois griffes. Elle retient en revanche de belles <strong>jantes en alliage de 17 pouces.<\/strong> C\u00f4t\u00e9 dotation, elle embarque <strong>les projecteurs \u00e0 LED, les vitres arri\u00e8re surteint\u00e9es ainsi que l\u2019aide au stationnement arri\u00e8re avec cam\u00e9ra de recul.<\/strong><\/p>\n<p style=\"font-weight: 400;\">C\u2019est un peu moins flatteur, en revanche, sur la finition de base Style. Ici, la <a href=\"https:\/\/www.autoplus.fr\/actualite\/peugeot-toutes-les-nouveautes-a-venir-jusquen-2026-1393022.html\" target=\"_blank\" rel=\"noopener nofollow\">Peugeot<\/a> 308 n\u2019a plus grand-chose \u00e0 voir avec celle pr\u00e9sent\u00e9e fi\u00e8rement par <a href=\"https:\/\/www.peugeot.fr\" target=\"_blank\" rel=\"noopener nofollow\">la marque<\/a>. L\u00e0 encore, \u00e9videmment, pas de logo \u00e9clair\u00e9 ni de calandre lumineuse. <strong>Les jantes noires de 16 pouces<\/strong> d\u00e9notent particuli\u00e8rement, face aux finitions sup\u00e9rieures. Malgr\u00e9 tout, la 308 Style n\u2019est pas avare en \u00e9quipements. Elle offre <strong>les projecteurs \u00e0 LED, l\u2019aide au stationnement arri\u00e8re (sans cam\u00e9ra) et la climatisation automatique bizone.<\/strong> De plus, elle se dote du <strong>r\u00e9gulateur de vitesse adaptatif, l\u2019aide au maintien dans la voie et la lecture des panneaux de signalisation.<\/strong> Sur le seul plan de la dotation, la finition Style se montre d\u00e9j\u00e0 convaincante. Il ne lui manque en r\u00e9alit\u00e9 qu\u2019un look plus affirm\u00e9\u2026<\/p>\n","protected":false},"excerpt":{"rendered":"Le 26 ao\u00fbt dernier, Peugeot d\u00e9voilait la version restyl\u00e9e de sa 308. La compacte et le break font&hellip;\n","protected":false},"author":2,"featured_media":347779,"comment_status":"","ping_status":"","sticky":false,"template":"","format":"standard","meta":{"footnotes":""},"categories":[6],"tags":[35,33,34,1011,27,1638],"class_list":{"0":"post-347778","1":"post","2":"type-post","3":"status-publish","4":"format-standard","5":"has-post-thumbnail","7":"category-economie","8":"tag-business","9":"tag-economie","10":"tag-economy","11":"tag-fr","12":"tag-france","13":"tag-has_diapo"},"share_on_mastodon":{"url":"https:\/\/pubeurope.com\/@fr\/115101208681597280","error":""},"_links":{"self":[{"href":"https:\/\/www.europesays.com\/fr\/wp-json\/wp\/v2\/posts\/347778","targetHints":{"allow":["GET"]}}],"collection":[{"href":"https:\/\/www.europesays.com\/fr\/wp-json\/wp\/v2\/posts"}],"about":[{"href":"https:\/\/www.europesays.com\/fr\/wp-json\/wp\/v2\/types\/post"}],"author":[{"embeddable":true,"href":"https:\/\/www.europesays.com\/fr\/wp-json\/wp\/v2\/users\/2"}],"replies":[{"embeddable":true,"href":"https:\/\/www.europesays.com\/fr\/wp-json\/wp\/v2\/comments?post=347778"}],"version-history":[{"count":0,"href":"https:\/\/www.europesays.com\/fr\/wp-json\/wp\/v2\/posts\/347778\/revisions"}],"wp:featuredmedia":[{"embeddable":true,"href":"https:\/\/www.europesays.com\/fr\/wp-json\/wp\/v2\/media\/347779"}],"wp:attachment":[{"href":"https:\/\/www.europesays.com\/fr\/wp-json\/wp\/v2\/media?parent=347778"}],"wp:term":[{"taxonomy":"category","embeddable":true,"href":"https:\/\/www.europesays.com\/fr\/wp-json\/wp\/v2\/categories?post=347778"},{"taxonomy":"post_tag","embeddable":true,"href":"https:\/\/www.europesays.com\/fr\/wp-json\/wp\/v2\/tags?post=347778"}],"curies":[{"name":"wp","href":"https:\/\/api.w.org\/{rel}","templated":true}]}}