{"id":347780,"date":"2025-08-27T14:30:13","date_gmt":"2025-08-27T14:30:13","guid":{"rendered":"https:\/\/www.europesays.com\/fr\/347780\/"},"modified":"2025-08-27T14:30:13","modified_gmt":"2025-08-27T14:30:13","slug":"un-marie-tue-par-un-tir-a-larme-a-feu-en-signe-de-joie","status":"publish","type":"post","link":"https:\/\/www.europesays.com\/fr\/347780\/","title":{"rendered":"un mari\u00e9 tu\u00e9 par un tir \u00e0 l\u2019arme \u00e0 feu en signe de joie"},"content":{"rendered":"<p>Une tante par alliance du mari\u00e9, soup\u00e7onn\u00e9e d\u2019\u00eatre l\u2019auteure du tir fatal, a \u00e9t\u00e9 arr\u00eat\u00e9e.<\/p>\n<p class=\"fig-paragraph\">Un tragique accident. Un jeune Turc a \u00e9t\u00e9 tu\u00e9, lors de son\u00a0<a href=\"http:\/\/www.lefigaro.fr\/flash-actu\/au-guatemala-un-volcan-entre-en-eruption-en-meme-temps-qu-une-demande-en-mariage-20250820\" target=\"_blank\" data-fig-type=\"NewsFlash\" rel=\"noopener\" data-gtm-custom-categorie=\"navigation\" data-gtm-custom-action=\"crossclick\" data-gtm-custom-label=\"Contextuel\" data-gtm-event=\"customEventSPE\" data-fig-domain=\"LEFIGARO\">mariage<\/a>, par un convive ayant tir\u00e9 \u00e0 l&rsquo;arme \u00e0 feu en signe de joie, a rapport\u00e9 ce mercredi l&rsquo;agence de presse \u00e9tatique turque Anadolu.<\/p>\n<p class=\"fig-paragraph\">Selon Anadolu, le mari\u00e9, \u00e2g\u00e9 de 23 ans, est d\u00e9c\u00e9d\u00e9 des suites de ses blessures mercredi matin, au lendemain de ses noces c\u00e9l\u00e9br\u00e9es dans un village de la province de Giresun (nord), situ\u00e9e le long de la\u00a0<a href=\"http:\/\/www.lefigaro.fr\/conjoncture\/la-turquie-a-decouvert-un-nouveau-gisement-de-gaz-naturel-en-mer-noire-annonce-erdogan-20250517\" target=\"_blank\" data-fig-type=\"NewsFlash\" rel=\"noopener\" data-gtm-custom-categorie=\"navigation\" data-gtm-custom-action=\"crossclick\" data-gtm-custom-label=\"Contextuel\" data-gtm-event=\"customEventSPE\" data-fig-domain=\"LEFIGARO\">mer Noire<\/a>. Une tante par alliance du mari\u00e9, soup\u00e7onn\u00e9e d&rsquo;\u00eatre l&rsquo;auteure du tir fatal, a \u00e9t\u00e9 arr\u00eat\u00e9e, affirme Anadolu.<\/p>\n<p>                                    <a class=\"fig-a11y-skip a11y-hidden\" href=\"#fig-a11y-skip-main-inarticle\"><br \/>\n        Passer la publicit\u00e9<br \/>\n    <\/a><\/p>\n<p class=\"fig-paragraph\">Les accidents r\u00e9sultant de ces traditionnels tirs de c\u00e9l\u00e9bration sont fr\u00e9quents en\u00a0<a href=\"http:\/\/www.lefigaro.fr\/voyages\/selection\/dossier\/voyage-en-turquie-nos-circuits-hotels-et-sejours-sur-mesure\" target=\"_blank\" data-fig-type=\"Topic\" rel=\"sponsored noopener\" data-gtm-custom-categorie=\"navigation\" data-gtm-custom-action=\"crossclick\" data-gtm-custom-label=\"Contextuel\" data-gtm-event=\"customEventSPE\" data-fig-domain=\"LEFIGARO\">Turquie\u00a0<\/a>o\u00f9, selon les estimations d&rsquo;une fondation locale, quelque 40 millions d&rsquo;armes \u00e0 feu sont en circulation, la plupart ill\u00e9galement. Une personne avait d\u00e9j\u00e0 \u00e9t\u00e9 tu\u00e9e accidentellement et deux autres bless\u00e9es la semaine pass\u00e9e dans des circonstances similaires, lors d&rsquo;un mariage organis\u00e9 dans la province voisine de Trabzon, selon les autorit\u00e9s.<\/p>\n","protected":false},"excerpt":{"rendered":"Une tante par alliance du mari\u00e9, soup\u00e7onn\u00e9e d\u2019\u00eatre l\u2019auteure du tir fatal, a \u00e9t\u00e9 arr\u00eat\u00e9e. Un tragique accident.&hellip;\n","protected":false},"author":2,"featured_media":347781,"comment_status":"","ping_status":"","sticky":false,"template":"","format":"standard","meta":{"footnotes":""},"categories":[5],"tags":[11,1011,27,14,1930,12,3496,28],"class_list":{"0":"post-347780","1":"post","2":"type-post","3":"status-publish","4":"format-standard","5":"has-post-thumbnail","7":"category-international","8":"tag-actualites","9":"tag-fr","10":"tag-france","11":"tag-international","12":"tag-mariage","13":"tag-news","14":"tag-turquie","15":"tag-world"},"share_on_mastodon":{"url":"https:\/\/pubeurope.com\/@fr\/115101212881471828","error":""},"_links":{"self":[{"href":"https:\/\/www.europesays.com\/fr\/wp-json\/wp\/v2\/posts\/347780","targetHints":{"allow":["GET"]}}],"collection":[{"href":"https:\/\/www.europesays.com\/fr\/wp-json\/wp\/v2\/posts"}],"about":[{"href":"https:\/\/www.europesays.com\/fr\/wp-json\/wp\/v2\/types\/post"}],"author":[{"embeddable":true,"href":"https:\/\/www.europesays.com\/fr\/wp-json\/wp\/v2\/users\/2"}],"replies":[{"embeddable":true,"href":"https:\/\/www.europesays.com\/fr\/wp-json\/wp\/v2\/comments?post=347780"}],"version-history":[{"count":0,"href":"https:\/\/www.europesays.com\/fr\/wp-json\/wp\/v2\/posts\/347780\/revisions"}],"wp:featuredmedia":[{"embeddable":true,"href":"https:\/\/www.europesays.com\/fr\/wp-json\/wp\/v2\/media\/347781"}],"wp:attachment":[{"href":"https:\/\/www.europesays.com\/fr\/wp-json\/wp\/v2\/media?parent=347780"}],"wp:term":[{"taxonomy":"category","embeddable":true,"href":"https:\/\/www.europesays.com\/fr\/wp-json\/wp\/v2\/categories?post=347780"},{"taxonomy":"post_tag","embeddable":true,"href":"https:\/\/www.europesays.com\/fr\/wp-json\/wp\/v2\/tags?post=347780"}],"curies":[{"name":"wp","href":"https:\/\/api.w.org\/{rel}","templated":true}]}}