{"id":347782,"date":"2025-08-27T14:31:14","date_gmt":"2025-08-27T14:31:14","guid":{"rendered":"https:\/\/www.europesays.com\/fr\/347782\/"},"modified":"2025-08-27T14:31:14","modified_gmt":"2025-08-27T14:31:14","slug":"en-savoie-une-attaque-de-loup-sur-un-agneau-filmee-par-des-randonneurs","status":"publish","type":"post","link":"https:\/\/www.europesays.com\/fr\/347782\/","title":{"rendered":"En Savoie, une attaque de loup sur un agneau film\u00e9e par des randonneurs"},"content":{"rendered":"<p>        <img decoding=\"async\" loading=\"lazy\" src=\"https:\/\/www.europesays.com\/fr\/wp-content\/uploads\/2025\/08\/acb1d38_1676647953590-gettyimages-599555106.jpg\"  width=\"728\" height=\"409\" alt=\"Photo d\u2019illustration d\u2019un loup dans les Alpes fran\u00e7aises dans le Parc national du Mercantour.\"\/>  <\/p>\n<p>Philip Dumas \/ Getty Images<\/p>\n<p>Photo d\u2019illustration d\u2019un loup dans les Alpes fran\u00e7aises dans le Parc national du Mercantour.<\/p>\n<p class=\"asset asset-text\">FAITS DIVERS &#8211; \u00ab\u00a0Sc\u00e8ne choquante\u00a0\u00bb dans le massif de la Vanoise. Un moment rare a \u00e9t\u00e9 captur\u00e9 en vid\u00e9o par un groupe de randonneurs dimanche 17\u00a0ao\u00fbt dans un <a href=\"https:\/\/www.huffingtonpost.fr\/faits-divers\/article\/margot-simond-jeune-espoir-du-ski-francais-decede-a-18-ans-lors-d-un-entrainement-en-savoie_249222.html\" target=\"_blank\" rel=\"noopener\">massif savoyard<\/a>, pr\u00e8s du refuge du Fond d\u2019Aussois, lorsqu\u2019<a href=\"https:\/\/www.huffingtonpost.fr\/culture\/article\/aux-etats-unis-cette-scene-culte-du-film-marriage-story-est-utilisee-pour-eloigner-les-loups-des-troupeaux_253269.html\" target=\"_blank\" rel=\"noopener\">un loup<\/a> s\u2019est attaqu\u00e9 \u00e0 un agneau en plein jour.<\/p>\n<p class=\"asset asset-text\">Il \u00e9tait 20\u00a0heures quand la sc\u00e8ne a \u00e9t\u00e9 film\u00e9e \u00e0 pr\u00e8s de \u00e0 2\u00a0300 m\u00e8tres d\u2019altitude par ces randonneurs situ\u00e9s \u00e0 distance de cette sc\u00e8ne de chasse. L\u2019attaque a \u00ab\u00a0dur\u00e9 \u00e0 peu pr\u00e8s trois ou quatre minutes\u00a0\u00bb, selon le gardien du refuge contact\u00e9 par <a href=\"https:\/\/www.bfmtv.com\/societe\/jamais-vu-ca-en-30-ans-une-attaque-de-loup-sur-un-troupeau-filmee-en-direct-en-savoie_AV-202508270164.html\" target=\"_blank\" rel=\"noopener\" title=\"Nouvelle fen\u00eatre\">BFMTV<\/a>. \u00ab\u00a0On a d\u00e9j\u00e0 vu le loup passer tranquillement ou traverser, par contre des attaques en plein jour, c\u2019est la premi\u00e8re fois. Il chasse pour se nourrir seulement\u00a0\u00bb, ajoute Thierry Margueron, \u00e9galement t\u00e9moin de l\u2019attaque. Celui qui s\u2019occupe du refuge du Fond d\u2019Aussois depuis 1997\u00a0confie d\u2019ailleurs n\u2019avoir \u00ab\u00a0jamais vu \u00e7a en 30\u00a0ans\u00a0\u00bb.<\/p>\n<p class=\"asset asset-text\">La sc\u00e8ne a depuis \u00e9t\u00e9 partag\u00e9e sur les r\u00e9seaux sociaux par une randonneuse sur la page Facebook\u00a0Randonn\u00e9es en Vanoise. En description de cet extrait d\u2019une quarantaine de secondes, elle \u00e9voque une \u00ab\u00a0sc\u00e8ne choquante\u00a0\u00bb o\u00f9 \u00ab\u00a0un loup est parti avec ce qui semble \u00eatre un mouton\u00a0\u00bb, qu\u2019il emporte dans sa gueule.<\/p>\n<p> La lecture de ce contenu est susceptible d\u2019entra\u00eener un d\u00e9p\u00f4t de cookies de la part de l\u2019op\u00e9rateur tiers qui l\u2019h\u00e9berge. Compte-tenu des choix que vous avez exprim\u00e9s en mati\u00e8re de d\u00e9p\u00f4t de cookies, nous avons bloqu\u00e9 l\u2019affichage de ce contenu. Si vous souhaitez y acc\u00e9der, vous devez accepter la cat\u00e9gorie de cookies \u201cContenus tiers\u201d en cliquant sur le bouton ci-dessous. <\/p>\n<p> Lire la Vid\u00e9o        <\/p>\n<p class=\"asset asset-text\">Pour donner un peu de contexte \u00e0 ces images de faible qualit\u00e9, elle pr\u00e9cise que \u00ab\u00a0la vid\u00e9o a \u00e9t\u00e9 film\u00e9e avec un zoom 50x\u00a0\u00bb. \u00ab\u00a0Nous \u00e9tions trop loin pour intervenir\u00a0\u00bb, ajoute-t-elle. Selon les d\u00e9tails fournis par <a href=\"https:\/\/www.ledauphine.com\/faits-divers-justice\/2025\/08\/25\/une-attaque-de-loup-en-plein-jour-je-n-avais-jamais-vu-ca-en-30-ans\" target=\"_blank\" rel=\"noopener\" title=\"Nouvelle fen\u00eatre\">Le Dauphin\u00e9 Lib\u00e9r\u00e9<\/a>, le loup se serait attaqu\u00e9 \u00e0 un agneau solitaire pr\u00e9sent dans un troupeau de vaches, au moment o\u00f9 les randonneurs profitaient des derniers rayons du soleil dans ce paysage montagneux.<\/p>\n<p>                     \u00ab\u00a0\u00c7a arrive absolument tous les jours\u00a0\u00bb    <\/p>\n<p class=\"asset asset-text\">Ce type d\u2019image est donc particuli\u00e8rement rare en journ\u00e9e, m\u00eame si les attaques de loups sont, elles, fr\u00e9quentes pour un tel pr\u00e9dateur dans son milieu naturel. Aupr\u00e8s de la cha\u00eene, Jean David Abel, r\u00e9f\u00e9rent loup pour France Nature Environnement explique qu\u2019assister \u00e0 une attaque comme celle-ci \u00ab<strong>\u00a0<\/strong>n\u2019est \u00e9videmment pas dangereux\u00a0\u00bb. Surtout \u00e0 une telle distance.<\/p>\n<p class=\"asset asset-text\">\u00ab\u00a0On voit un pr\u00e9dateur qui s\u2019attaque \u00e0 une proie, comme \u00e7a arrive absolument tous les jours. Aujourd\u2019hui, il n\u2019est absolument pas anormal de croiser des loups de jours, on en voit notamment dans tout l\u2019arc alpin\u00a0\u00bb, prolonge le sp\u00e9cialiste.<\/p>\n<p class=\"asset asset-text\">\u00ab\u00a0Forc\u00e9ment, ici en pleine nature, on en voit passer r\u00e9guli\u00e8rement. Au petit matin, on aper\u00e7oit des cadavres, donc on imagine bien ce qu\u2019il peut se passer la nuit. Mais il y a un sacr\u00e9 gap entre l\u2019imaginer et le voir de ses propres yeux\u00a0\u00bb, \u00e9voque \u00e9galement Thierry Margueron dans les colonnes du Dauphin\u00e9 Lib\u00e9r\u00e9.<\/p>\n<p class=\"asset asset-text\">Selon <a href=\"https:\/\/www.lifewolfalps.eu\/fr\/le-loup-dans-les-alpes\/le-loup-dans-les-alpes-francaises\/#:~:text=Le%20nombre%20de%20loups%20est,\u2019ici%20%C3%A9valu%C3%A9e%20%C3%A0%2013%25.\" target=\"_blank\" rel=\"noopener\" title=\"Nouvelle fen\u00eatre\">Life Wolfalps EU<\/a>, le <a href=\"https:\/\/www.huffingtonpost.fr\/environnement\/article\/nombre-de-loups-et-d-attaques-les-chiffres-qui-font-polemique-entre-eleveurs-et-defenseurs-de-la-nature_220116.html\" target=\"_blank\" rel=\"noopener\" title=\"Nouvelle fen\u00eatre\">nombre de loups pr\u00e9sents en France<\/a> \u00e9tait\u00a0estim\u00e9 entre 530 et 630 individus d\u2019apr\u00e8s un d\u00e9compte r\u00e9alis\u00e9 au cours de l\u2019hiver 2019-2020. Selon <a href=\"https:\/\/www.lifewolfalps.eu\/fr\/22933\/#\" target=\"_blank\" rel=\"noopener\" title=\"Nouvelle fen\u00eatre\">ce programme<\/a>, \u00ab\u00a0l\u2019estimation de la population de loups des Alpes fait \u00e9tat de la pr\u00e9sence de 206 meutes et de 37 couples, soit un total de 243 unit\u00e9s de reproduction r\u00e9parties sur l\u2019ensemble de l\u2019arc alpin\u00a0\u00bb.<\/p>\n","protected":false},"excerpt":{"rendered":"Philip Dumas \/ Getty Images Photo d\u2019illustration d\u2019un loup dans les Alpes fran\u00e7aises dans le Parc national du&hellip;\n","protected":false},"author":2,"featured_media":347783,"comment_status":"","ping_status":"","sticky":false,"template":"","format":"standard","meta":{"footnotes":""},"categories":[4],"tags":[11,1867,1011,27,9772,12,25,5508],"class_list":{"0":"post-347782","1":"post","2":"type-post","3":"status-publish","4":"format-standard","5":"has-post-thumbnail","7":"category-france","8":"tag-actualites","9":"tag-animaux","10":"tag-fr","11":"tag-france","12":"tag-loup","13":"tag-news","14":"tag-republique-francaise","15":"tag-savoie"},"share_on_mastodon":{"url":"https:\/\/pubeurope.com\/@fr\/115101216514962996","error":""},"_links":{"self":[{"href":"https:\/\/www.europesays.com\/fr\/wp-json\/wp\/v2\/posts\/347782","targetHints":{"allow":["GET"]}}],"collection":[{"href":"https:\/\/www.europesays.com\/fr\/wp-json\/wp\/v2\/posts"}],"about":[{"href":"https:\/\/www.europesays.com\/fr\/wp-json\/wp\/v2\/types\/post"}],"author":[{"embeddable":true,"href":"https:\/\/www.europesays.com\/fr\/wp-json\/wp\/v2\/users\/2"}],"replies":[{"embeddable":true,"href":"https:\/\/www.europesays.com\/fr\/wp-json\/wp\/v2\/comments?post=347782"}],"version-history":[{"count":0,"href":"https:\/\/www.europesays.com\/fr\/wp-json\/wp\/v2\/posts\/347782\/revisions"}],"wp:featuredmedia":[{"embeddable":true,"href":"https:\/\/www.europesays.com\/fr\/wp-json\/wp\/v2\/media\/347783"}],"wp:attachment":[{"href":"https:\/\/www.europesays.com\/fr\/wp-json\/wp\/v2\/media?parent=347782"}],"wp:term":[{"taxonomy":"category","embeddable":true,"href":"https:\/\/www.europesays.com\/fr\/wp-json\/wp\/v2\/categories?post=347782"},{"taxonomy":"post_tag","embeddable":true,"href":"https:\/\/www.europesays.com\/fr\/wp-json\/wp\/v2\/tags?post=347782"}],"curies":[{"name":"wp","href":"https:\/\/api.w.org\/{rel}","templated":true}]}}