{"id":347786,"date":"2025-08-27T14:33:10","date_gmt":"2025-08-27T14:33:10","guid":{"rendered":"https:\/\/www.europesays.com\/fr\/347786\/"},"modified":"2025-08-27T14:33:10","modified_gmt":"2025-08-27T14:33:10","slug":"saint-etienne-il-tente-de-derober-deux-bouteilles-dalcool-avant-detre-maitrise-par-le-vigile-du-supermarche","status":"publish","type":"post","link":"https:\/\/www.europesays.com\/fr\/347786\/","title":{"rendered":"Saint-Etienne. Il tente de d\u00e9rober deux bouteilles d\u2019alcool avant d\u2019\u00eatre ma\u00eetris\u00e9 par le vigile du supermarch\u00e9"},"content":{"rendered":"<p>Ce lundi 25\u00a0ao\u00fbt, quelques minutes avant 20 heures et la fermeture du supermarch\u00e9, situ\u00e9 \u00e0 quelques encablures du rond-point Franklin-Roosevelt, au sommet du cours Fauriel, la fin de journ\u00e9e s\u2019approche doucement pour les salari\u00e9s.<\/p>\n<p>Mais le vigile de l\u2019\u00e9tablissement reste encore sur ses gardes. Il a vu un homme franchir les portes du magasin et son comportement lui inspire la plus grande m\u00e9fiance.<\/p>\n<p>Il est visiblement sous l\u2019emprise de l\u2019alcool et avance avec quelques difficult\u00e9s. Il entreprend alors une surveillance discr\u00e8te qui va rapidement porter ses fruits.<\/p>\n<p>En effet, l\u2019individu, \u00e2g\u00e9 et de 36 ans et originaire de Saint-Etienne, vient de mettre dans la sacoche qu\u2019il transporte deux bouteilles d\u2019alcool qu\u2019il ne compte pas payer. L\u2019agent de s\u00e9curit\u00e9 ma\u00eetrise sans difficult\u00e9 le trentenaire et alerte dans les plus brefs d\u00e9lais les services de la police nationale.<\/p>\n<p>Rapidement sur place, les fonctionnaires vont alors interpeller le jeune homme avant de le placer en cellule de d\u00e9grisement. Quand son \u00e9tat de sant\u00e9 le permettra, ce dernier sera plac\u00e9 en garde \u00e0 vue.<\/p>\n<p>\u00c0 l\u2019issue, il s\u2019est vu signifier une convocation devant le tribunal correctionnel de Saint-Etienne au cours des prochaines semaines.<\/p>\n","protected":false},"excerpt":{"rendered":"Ce lundi 25\u00a0ao\u00fbt, quelques minutes avant 20 heures et la fermeture du supermarch\u00e9, situ\u00e9 \u00e0 quelques encablures du&hellip;\n","protected":false},"author":2,"featured_media":347787,"comment_status":"","ping_status":"","sticky":false,"template":"","format":"standard","meta":{"footnotes":""},"categories":[9653],"tags":[1111,11,2430,271,272,7539,1777,674,274,1011,27,12,25,4001,7538,104],"class_list":{"0":"post-347786","1":"post","2":"type-post","3":"status-publish","4":"format-standard","5":"has-post-thumbnail","7":"category-saint-etienne","8":"tag-actu","9":"tag-actualites","10":"tag-auvergne-rhone-alpes","11":"tag-crime","12":"tag-delit-et-contravention","13":"tag-edition-loire-sud","14":"tag-eu","15":"tag-europe","16":"tag-faits-divers-justice","17":"tag-fr","18":"tag-france","19":"tag-news","20":"tag-republique-francaise","21":"tag-saint-etienne","22":"tag-saint-etienne-ville","23":"tag-societe"},"share_on_mastodon":{"url":"https:\/\/pubeurope.com\/@fr\/115101224405948956","error":""},"_links":{"self":[{"href":"https:\/\/www.europesays.com\/fr\/wp-json\/wp\/v2\/posts\/347786","targetHints":{"allow":["GET"]}}],"collection":[{"href":"https:\/\/www.europesays.com\/fr\/wp-json\/wp\/v2\/posts"}],"about":[{"href":"https:\/\/www.europesays.com\/fr\/wp-json\/wp\/v2\/types\/post"}],"author":[{"embeddable":true,"href":"https:\/\/www.europesays.com\/fr\/wp-json\/wp\/v2\/users\/2"}],"replies":[{"embeddable":true,"href":"https:\/\/www.europesays.com\/fr\/wp-json\/wp\/v2\/comments?post=347786"}],"version-history":[{"count":0,"href":"https:\/\/www.europesays.com\/fr\/wp-json\/wp\/v2\/posts\/347786\/revisions"}],"wp:featuredmedia":[{"embeddable":true,"href":"https:\/\/www.europesays.com\/fr\/wp-json\/wp\/v2\/media\/347787"}],"wp:attachment":[{"href":"https:\/\/www.europesays.com\/fr\/wp-json\/wp\/v2\/media?parent=347786"}],"wp:term":[{"taxonomy":"category","embeddable":true,"href":"https:\/\/www.europesays.com\/fr\/wp-json\/wp\/v2\/categories?post=347786"},{"taxonomy":"post_tag","embeddable":true,"href":"https:\/\/www.europesays.com\/fr\/wp-json\/wp\/v2\/tags?post=347786"}],"curies":[{"name":"wp","href":"https:\/\/api.w.org\/{rel}","templated":true}]}}