{"id":347789,"date":"2025-08-27T14:35:12","date_gmt":"2025-08-27T14:35:12","guid":{"rendered":"https:\/\/www.europesays.com\/fr\/347789\/"},"modified":"2025-08-27T14:35:12","modified_gmt":"2025-08-27T14:35:12","slug":"laxou-fete-des-voisins-reussie-pour-les-habitants-de-la-rue-de-mareville","status":"publish","type":"post","link":"https:\/\/www.europesays.com\/fr\/347789\/","title":{"rendered":"Laxou. F\u00eate des voisins r\u00e9ussie pour les habitants de la rue de Mar\u00e9ville"},"content":{"rendered":"<p>\u00c0 Laxou, les habitants de la rue de Mar\u00e9ville se sont r\u00e9unis en cette veille de rentr\u00e9e pour c\u00e9l\u00e9brer la F\u00eate des voisins.<\/p>\n<p>Dans une ambiance d\u00e9tendue et familiale, chacun avait apport\u00e9 un plat \u00e0 partager.<\/p>\n<p>Enfants, parents et voisins de tous \u00e2ges ont profit\u00e9 de cette soir\u00e9e en plein air pour \u00e9changer et faire connaissance. Tout \u00e9tait r\u00e9uni pour partager un moment joyeux, une belle fa\u00e7on de prolonger un peu l\u2019\u00e9t\u00e9. Une belle mani\u00e8re de renforcer les liens entre voisins avant la reprise du quotidien.<\/p>\n<p>Cela devient une tradition dans le quartier.<\/p>\n","protected":false},"excerpt":{"rendered":"\u00c0 Laxou, les habitants de la rue de Mar\u00e9ville se sont r\u00e9unis en cette veille de rentr\u00e9e pour&hellip;\n","protected":false},"author":2,"featured_media":347790,"comment_status":"","ping_status":"","sticky":false,"template":"","format":"standard","meta":{"footnotes":""},"categories":[9635],"tags":[1111,11,1687,1704,1777,674,1011,27,775,10426,10262,1702,12,25],"class_list":{"0":"post-347789","1":"post","2":"type-post","3":"status-publish","4":"format-standard","5":"has-post-thumbnail","7":"category-nancy","8":"tag-actu","9":"tag-actualites","10":"tag-culture-loisirs","11":"tag-edition-nancy-et-agglomeration","12":"tag-eu","13":"tag-europe","14":"tag-fr","15":"tag-france","16":"tag-grand-est","17":"tag-laxou","18":"tag-metropole-du-grand-nancy-54b5","19":"tag-nancy","20":"tag-news","21":"tag-republique-francaise"},"share_on_mastodon":{"url":"https:\/\/pubeurope.com\/@fr\/115101232326064473","error":""},"_links":{"self":[{"href":"https:\/\/www.europesays.com\/fr\/wp-json\/wp\/v2\/posts\/347789","targetHints":{"allow":["GET"]}}],"collection":[{"href":"https:\/\/www.europesays.com\/fr\/wp-json\/wp\/v2\/posts"}],"about":[{"href":"https:\/\/www.europesays.com\/fr\/wp-json\/wp\/v2\/types\/post"}],"author":[{"embeddable":true,"href":"https:\/\/www.europesays.com\/fr\/wp-json\/wp\/v2\/users\/2"}],"replies":[{"embeddable":true,"href":"https:\/\/www.europesays.com\/fr\/wp-json\/wp\/v2\/comments?post=347789"}],"version-history":[{"count":0,"href":"https:\/\/www.europesays.com\/fr\/wp-json\/wp\/v2\/posts\/347789\/revisions"}],"wp:featuredmedia":[{"embeddable":true,"href":"https:\/\/www.europesays.com\/fr\/wp-json\/wp\/v2\/media\/347790"}],"wp:attachment":[{"href":"https:\/\/www.europesays.com\/fr\/wp-json\/wp\/v2\/media?parent=347789"}],"wp:term":[{"taxonomy":"category","embeddable":true,"href":"https:\/\/www.europesays.com\/fr\/wp-json\/wp\/v2\/categories?post=347789"},{"taxonomy":"post_tag","embeddable":true,"href":"https:\/\/www.europesays.com\/fr\/wp-json\/wp\/v2\/tags?post=347789"}],"curies":[{"name":"wp","href":"https:\/\/api.w.org\/{rel}","templated":true}]}}