{"id":347793,"date":"2025-08-27T14:37:10","date_gmt":"2025-08-27T14:37:10","guid":{"rendered":"https:\/\/www.europesays.com\/fr\/347793\/"},"modified":"2025-08-27T14:37:10","modified_gmt":"2025-08-27T14:37:10","slug":"derniers-jours-pour-visiter-lexposition-du-concours-toulonforever","status":"publish","type":"post","link":"https:\/\/www.europesays.com\/fr\/347793\/","title":{"rendered":"derniers jours pour visiter l&rsquo;exposition du concours #ToulonForever"},"content":{"rendered":"<p>            Par<br \/>\n        <strong><br \/>\n            <a href=\"https:\/\/actu.fr\/auteur\/guillemette-herve\" title=\"Consulter tous les articles de Agence de presse APEI\" rel=\"nofollow noopener\" target=\"_blank\">Agence de presse APEI<\/a><br \/>\n        <\/strong><\/p>\n<p>        Publi\u00e9 le<\/p>\n<p>            27 ao\u00fbt 2025 \u00e0 16h20        <\/p>\n<p>Il ne reste plus que quelques jours avant la fin de l\u2019exposition de photographies du <a href=\"https:\/\/actu.fr\/loisirs-culture\/eurovision-2026-on-connait-la-ville-d-accueil-du-concours-planetaire_63054432.html\" rel=\"nofollow noopener\" target=\"_blank\">concours<\/a> #ToulonForever. Ouverte jusqu\u2019au 4 septembre 2025, \u00e0 la mairie d\u2019honneur, elle rassemble les clich\u00e9s post\u00e9s sur Instagram par des Toulonnais et amoureux de la ville. <strong>Plus de 1500 photographies<\/strong> sont expos\u00e9es.<\/p>\n<p>Un rendez-vous incontournable\u00a0<\/p>\n<p class=\" wall-content\">Le concours imposait <strong>six th\u00e9matiques<\/strong> : \u00ab\u00a0Sous le ciel toulonnais\u00a0\u00bb, \u00ab\u00a0Paysages de r\u00eave \u00e0 Toulon\u00a0\u00bb, \u00ab\u00a0Toulon, ville verte\u00a0\u00bb, \u00ab\u00a0Vos quartiers en noir et blanc\u00a0\u00bb, \u00ab\u00a0Toulon histoire\u00a0\u00bb, \u00ab\u00a0Au fil de l\u2019eau\u00a0\u00bb.<\/p>\n<p class=\" wall-content\">Consid\u00e9r\u00e9 comme un rendez-vous incontournable par <strong>les utilisateurs du r\u00e9seau social<\/strong>, #ToulonForever permet aux photographes amateurs ou professionnels de partager leur vision de <a href=\"https:\/\/actu.fr\/provence-alpes-cote-d-azur\/toulon_83137\/toulon-un-restaurant-ferme-apres-un-controle-sanitaire_63082278.html\" rel=\"nofollow noopener\" target=\"_blank\">Toulon<\/a>.\u00a0<\/p>\n<p class=\" wall-content\">Personnalisez votre actualit\u00e9 en ajoutant vos villes et m\u00e9dias en favori avec <a href=\"https:\/\/moncompte.actu.fr\" title=\"D\u00e9couvez Mon Actu\" rel=\"nofollow noopener\" data-trk=\"{&quot;cta&quot;:{&quot;action&quot;:&quot;https:\\\/\\\/moncompte.actu.fr&quot;,&quot;category&quot;:&quot;mon compte&quot;,&quot;from&quot;:&quot;article footer&quot;,&quot;name&quot;:&quot;Mon actu&quot;,&quot;type&quot;:&quot;cta&quot;}}\" target=\"_blank\">Mon Actu<\/a>.<\/p>\n","protected":false},"excerpt":{"rendered":"Par Agence de presse APEI Publi\u00e9 le 27 ao\u00fbt 2025 \u00e0 16h20 Il ne reste plus que quelques&hellip;\n","protected":false},"author":2,"featured_media":347794,"comment_status":"","ping_status":"","sticky":false,"template":"","format":"standard","meta":{"footnotes":""},"categories":[9619],"tags":[1111,11,1777,674,1011,27,1652,12,1756,882,25,2310],"class_list":{"0":"post-347793","1":"post","2":"type-post","3":"status-publish","4":"format-standard","5":"has-post-thumbnail","7":"category-toulon","8":"tag-actu","9":"tag-actualites","10":"tag-eu","11":"tag-europe","12":"tag-fr","13":"tag-france","14":"tag-loisirs-culture","15":"tag-news","16":"tag-photographie","17":"tag-provence-alpes-cote-dazur","18":"tag-republique-francaise","19":"tag-toulon"},"share_on_mastodon":{"url":"https:\/\/pubeurope.com\/@fr\/115101240125110280","error":""},"_links":{"self":[{"href":"https:\/\/www.europesays.com\/fr\/wp-json\/wp\/v2\/posts\/347793","targetHints":{"allow":["GET"]}}],"collection":[{"href":"https:\/\/www.europesays.com\/fr\/wp-json\/wp\/v2\/posts"}],"about":[{"href":"https:\/\/www.europesays.com\/fr\/wp-json\/wp\/v2\/types\/post"}],"author":[{"embeddable":true,"href":"https:\/\/www.europesays.com\/fr\/wp-json\/wp\/v2\/users\/2"}],"replies":[{"embeddable":true,"href":"https:\/\/www.europesays.com\/fr\/wp-json\/wp\/v2\/comments?post=347793"}],"version-history":[{"count":0,"href":"https:\/\/www.europesays.com\/fr\/wp-json\/wp\/v2\/posts\/347793\/revisions"}],"wp:featuredmedia":[{"embeddable":true,"href":"https:\/\/www.europesays.com\/fr\/wp-json\/wp\/v2\/media\/347794"}],"wp:attachment":[{"href":"https:\/\/www.europesays.com\/fr\/wp-json\/wp\/v2\/media?parent=347793"}],"wp:term":[{"taxonomy":"category","embeddable":true,"href":"https:\/\/www.europesays.com\/fr\/wp-json\/wp\/v2\/categories?post=347793"},{"taxonomy":"post_tag","embeddable":true,"href":"https:\/\/www.europesays.com\/fr\/wp-json\/wp\/v2\/tags?post=347793"}],"curies":[{"name":"wp","href":"https:\/\/api.w.org\/{rel}","templated":true}]}}