{"id":347795,"date":"2025-08-27T14:38:13","date_gmt":"2025-08-27T14:38:13","guid":{"rendered":"https:\/\/www.europesays.com\/fr\/347795\/"},"modified":"2025-08-27T14:38:13","modified_gmt":"2025-08-27T14:38:13","slug":"serin-evoque-son-avenir-et-sa-fin-de-contrat-avec-le-rct","status":"publish","type":"post","link":"https:\/\/www.europesays.com\/fr\/347795\/","title":{"rendered":"Serin \u00e9voque son avenir et sa fin de contrat avec le RCT"},"content":{"rendered":"<p>Son avenir va continuer d\u2019agiter la rubrique transferts dans les prochaines semaines. En fin de saison, Baptiste Serin arrive en fin de contrat avec le Rugby Club Toulonnais. S\u2019il dispose d\u2019une ann\u00e9e suppl\u00e9mentaire en option, le demi de m\u00eal\u00e9e n\u2019a toujours pas tranch\u00e9 et a \u00e9t\u00e9 annonc\u00e9 dans plusieurs clubs de Top 14, dont le MHR.<\/p>\n<p>Alors que le RCT pense \u00e9galement \u00e0 son futur et aurait approch\u00e9 Baptiste Jauneau, Serin va avoir \u00e0 c\u0153ur de r\u00e9aliser une grande saison. Dans les colonnes de <a href=\"https:\/\/www.lamarseillaise.fr\/sports\/entretien-baptiste-serin-gagner-un-titre-avec-toulon-est-le-dernier-objectif-de-ma-carriere-MH18680480\" rel=\"nofollow noopener\" target=\"_blank\">La Marseillaise<\/a>, celui dont le palmar\u00e8s reste vierge a fait part de son d\u00e9sir de marquer l\u2019histoire avec Toulon.<\/p>\n<p>\u00ab Gagner un titre avec Toulon est le dernier objectif de ma carri\u00e8re. C\u2019est mon seul r\u00eave \u00bb<\/p>\n<blockquote>\n<p>Au moment d\u2019\u00e9voquer son avenir, Baptiste Serin a assur\u00e9 que des n\u00e9gociations \u00e9taient en cours, sans en dire plus\u00a0: \u00ab\u00a0Les discussions avancent petit \u00e0 petit. \u00c7a suit son cours. On sera tous honn\u00eates les uns envers les autres, mais je ne peux rien dire pour le moment \u00bb<\/p>\n<\/blockquote>\n<p>Partagez cette info avec vos amis et vos proches en cliquant ici<br \/>Pour r\u00e9sumer<\/p>\n<p>Baptiste Serin s\u2019est confi\u00e9 dans les colonnes de La Marseillaise sur son avenir au Rugby Club Toulonnais. Le demi de m\u00eal\u00e9e arrive en fin de contrat \u00e0 l\u2019issue de la saison mais dispose d\u2019une option pour prolonger.<\/p>\n<p> <img decoding=\"async\" width=\"76\" height=\"76\" loading=\"lazy\" src=\"https:\/\/www.europesays.com\/fr\/wp-content\/uploads\/2025\/04\/avatar-quinze.png\" alt=\"Arnaud D\u00e9chelotte\"\/><\/p>\n","protected":false},"excerpt":{"rendered":"Son avenir va continuer d\u2019agiter la rubrique transferts dans les prochaines semaines. En fin de saison, Baptiste Serin&hellip;\n","protected":false},"author":2,"featured_media":347796,"comment_status":"","ping_status":"","sticky":false,"template":"","format":"standard","meta":{"footnotes":""},"categories":[9619],"tags":[1111,11,1777,674,1011,27,12,882,25,2310],"class_list":{"0":"post-347795","1":"post","2":"type-post","3":"status-publish","4":"format-standard","5":"has-post-thumbnail","7":"category-toulon","8":"tag-actu","9":"tag-actualites","10":"tag-eu","11":"tag-europe","12":"tag-fr","13":"tag-france","14":"tag-news","15":"tag-provence-alpes-cote-dazur","16":"tag-republique-francaise","17":"tag-toulon"},"share_on_mastodon":{"url":"https:\/\/pubeurope.com\/@fr\/115101244087971525","error":""},"_links":{"self":[{"href":"https:\/\/www.europesays.com\/fr\/wp-json\/wp\/v2\/posts\/347795","targetHints":{"allow":["GET"]}}],"collection":[{"href":"https:\/\/www.europesays.com\/fr\/wp-json\/wp\/v2\/posts"}],"about":[{"href":"https:\/\/www.europesays.com\/fr\/wp-json\/wp\/v2\/types\/post"}],"author":[{"embeddable":true,"href":"https:\/\/www.europesays.com\/fr\/wp-json\/wp\/v2\/users\/2"}],"replies":[{"embeddable":true,"href":"https:\/\/www.europesays.com\/fr\/wp-json\/wp\/v2\/comments?post=347795"}],"version-history":[{"count":0,"href":"https:\/\/www.europesays.com\/fr\/wp-json\/wp\/v2\/posts\/347795\/revisions"}],"wp:featuredmedia":[{"embeddable":true,"href":"https:\/\/www.europesays.com\/fr\/wp-json\/wp\/v2\/media\/347796"}],"wp:attachment":[{"href":"https:\/\/www.europesays.com\/fr\/wp-json\/wp\/v2\/media?parent=347795"}],"wp:term":[{"taxonomy":"category","embeddable":true,"href":"https:\/\/www.europesays.com\/fr\/wp-json\/wp\/v2\/categories?post=347795"},{"taxonomy":"post_tag","embeddable":true,"href":"https:\/\/www.europesays.com\/fr\/wp-json\/wp\/v2\/tags?post=347795"}],"curies":[{"name":"wp","href":"https:\/\/api.w.org\/{rel}","templated":true}]}}