{"id":347797,"date":"2025-08-27T14:39:11","date_gmt":"2025-08-27T14:39:11","guid":{"rendered":"https:\/\/www.europesays.com\/fr\/347797\/"},"modified":"2025-08-27T14:39:11","modified_gmt":"2025-08-27T14:39:11","slug":"pourquoi-montpellier-veut-changer-sa-politique-de-recrutement","status":"publish","type":"post","link":"https:\/\/www.europesays.com\/fr\/347797\/","title":{"rendered":"Pourquoi Montpellier veut changer sa politique de recrutement"},"content":{"rendered":"<p>            Par<br \/>\n        <strong><br \/>\n            <a href=\"https:\/\/actu.fr\/auteur\/emilie-dudonfournier\" title=\"Consulter tous les articles de Emilie Dudon-Fournier\" target=\"_blank\" rel=\"noopener\">Emilie Dudon-Fournier<\/a><br \/>\n        <\/strong><\/p>\n<p>        Publi\u00e9 le<\/p>\n<p>            27 ao\u00fbt 2025 \u00e0 15h23        <\/p>\n<p><strong>C\u2019\u00e9tait l\u2019un des dossiers les plus suivis sur le march\u00e9 des transferts<\/strong> : la fin de contrat avec <a href=\"https:\/\/actu.fr\/tag\/montpellier-herault-rugby\" target=\"_blank\" rel=\"noopener\">Montpellier<\/a> du capitaine des U20 champions du monde en 2023, Lenni Nouchi, au terme de la saison 2025-2026, agitait du monde en coulisses. En parvenant \u00e0 le s\u00e9curiser pour deux ans suppl\u00e9mentaires, le MHR a envoy\u00e9 un signal fort.<\/p>\n<p class=\" wall-content\">Le jeune international (21 ans, 2 s\u00e9lections) avait notamment un contrat de quatre ans qui l\u2019attendait \u00e0 Toulon, mais il a choisi de faire confiance au projet du MHR, qu\u2019il avait rejoint \u00e0 17 ans, en 2021, apr\u00e8s avoir \u00e9t\u00e9 form\u00e9 \u00e0 B\u00e9ziers.<\/p>\n<p class=\" wall-content\">Sa prolongation \u00e9tait une priorit\u00e9 pour le club h\u00e9raultais, qui a fait du jeune joueur son co-capitaine aux c\u00f4t\u00e9s de Billy Vunipola. \u00ab\u00a0Je pense que notre projet, c\u2019est aussi son projet\u00a0\u00bb, a comment\u00e9 Joan Caudullo, qui souhaite l\u2019installer un peu plus dans ces fonctions de capitaine cette saison.<\/p>\n<p>Montpellier veut recruter fran\u00e7ais d\u00e9sormais<\/p>\n<p class=\" wall-content\">Cette nouvelle signature en dit long sur la politique du staff pour l\u2019avenir. Celle pour trois ans du pilier Baptiste Erdocio (25 ans, 1 s\u00e9lection) aussi. \u00ab\u00a0C\u2019\u00e9tait un objectif vraiment important du club en ce d\u00e9but de saison\u00a0\u00bb. M\u00eame si le demi de m\u00eal\u00e9e L\u00e9o Coly a d\u00e9j\u00e0 annonc\u00e9 qu\u2019il rejoindra Bayonne l\u2019an prochain, le MHR est \u00ab\u00a0aujourd\u2019hui clairement attractif pour des jeunes joueurs fran\u00e7ais internationaux que d\u2019autres clubs veulent aussi\u00a0\u00bb, se f\u00e9licite le manager. \u00ab\u00a0Avant, on se tournait plus vers l\u2019\u00e9tranger et on est en train de changer l\u00e0-dessus. Il faut continuer.\u00a0\u00bb\u00a0<\/p>\n<p class=\" wall-content\">Pour faire venir ou conserver les meilleurs, pas de secret : il faut des r\u00e9sultats. \u00ab\u00a0On sait tr\u00e8s bien que nos r\u00e9sultats sur le court terme vont \u00eatre importants pour asseoir notre recrutement et faire ce qu\u2019on a envie de faire, avec les profils dont on a besoin. Bordeaux, par exemple, attire plus aujourd\u2019hui qu\u2019il y a dix ans gr\u00e2ce \u00e0 son titre de champion d\u2019Europe\u00a0\u00bb.\u00a0<\/p>\n<p>    <img   decoding=\"async\" loading=\"lazy\" src=\"https:\/\/www.europesays.com\/fr\/wp-content\/uploads\/2025\/08\/montpellier-rugb-alamercery-960x640.jpg\" alt=\"La formation de Montpellier est une priorit\u00e9, comme en t\u00e9moigne le Bouclier remport\u00e9 par les cadets en juin dernier.\" width=\"960\" height=\"640\"\/><br \/>\n    La formation de Montpellier est une priorit\u00e9, comme en t\u00e9moigne le Bouclier remport\u00e9 par les Cadets en juin dernier. (\u00a9Icon Sport)<\/p>\n<p class=\" wall-content\">Pour le moyen et long terme, c\u2019est sur les jeunes que l\u2019ancien directeur du centre de formation du MHR met l\u2019accent : \u00ab\u00a0Nous avons une cellule de recrutement, c\u2019est Damien Bruno qui s\u2019en occupe. Je voudrais que le centre de formation redevienne ce qu\u2019il \u00e9tait avant, quand il a sorti de grands, voire de tr\u00e8s grands joueurs\u00a0\u00bb, ajoute l\u2019ancien co\u00e9quipier de Fran\u00e7ois Trinh-Duc et Fulgence Ouedraogo. \u00ab\u00a0Nous en sommes capables au vu des moyens mis en place sur la formation. En terme de staff, notre centre est l\u2019un des plus gros de France. Il faut que \u00e7a se voie.\u00a0\u00bb<\/p>\n<p class=\" wall-content\">Les Cadets du club ont remport\u00e9 le titre Alamercery l\u2019an dernier (contre Toulouse, 30-26) et \u00ab\u00a0d\u2019autres vont arriver\u00a0\u00bb, assure Joan Caudullo. \u00ab\u00a0En tout cas, le club participera \u00e0 de belles phases finales\u00a0\u00bb. Celles de Top 14, clairement vis\u00e9es par le staff qui a d\u00e9j\u00e0 annonc\u00e9 avoir pour objectif une place dans les 6 cette saison, seront indispensables pour continuer de grandir et redevenir l\u2019un des meilleurs clubs de l\u2019Hexagone.<\/p>\n<p>Votre r\u00e9gion, votre actu !<\/p>\n<p>Recevez chaque jour les infos qui comptent pour vous.<\/p>\n<p>\t<a href=\"https:\/\/actu.fr\/newsletter\" class=\"ac-btn ac-btn--corner ac-btn--medium ac-btn--blue800\" target=\"_blank\" rel=\"noopener\">S&rsquo;incrire<\/a><\/p>\n<p class=\" wall-content\">Personnalisez votre actualit\u00e9 en ajoutant vos villes et m\u00e9dias en favori avec <a href=\"https:\/\/moncompte.actu.fr\" title=\"D\u00e9couvez Mon Actu\" rel=\"nofollow noopener\" data-trk=\"{&quot;cta&quot;:{&quot;action&quot;:&quot;https:\\\/\\\/moncompte.actu.fr&quot;,&quot;category&quot;:&quot;mon compte&quot;,&quot;from&quot;:&quot;article footer&quot;,&quot;name&quot;:&quot;Mon actu&quot;,&quot;type&quot;:&quot;cta&quot;}}\" target=\"_blank\">Mon Actu<\/a>.<\/p>\n","protected":false},"excerpt":{"rendered":"Par Emilie Dudon-Fournier Publi\u00e9 le 27 ao\u00fbt 2025 \u00e0 15h23 C\u2019\u00e9tait l\u2019un des dossiers les plus suivis sur&hellip;\n","protected":false},"author":2,"featured_media":347798,"comment_status":"","ping_status":"","sticky":false,"template":"","format":"standard","meta":{"footnotes":""},"categories":[9599],"tags":[1111,11,1777,674,1011,27,2208,20544,12,2680,25,479,60,478],"class_list":{"0":"post-347797","1":"post","2":"type-post","3":"status-publish","4":"format-standard","5":"has-post-thumbnail","7":"category-montpellier","8":"tag-actu","9":"tag-actualites","10":"tag-eu","11":"tag-europe","12":"tag-fr","13":"tag-france","14":"tag-montpellier","15":"tag-montpellier-herault-rugby-mhr","16":"tag-news","17":"tag-occitanie","18":"tag-republique-francaise","19":"tag-rugby","20":"tag-sports","21":"tag-top-14"},"share_on_mastodon":{"url":"https:\/\/pubeurope.com\/@fr\/115101247970245074","error":""},"_links":{"self":[{"href":"https:\/\/www.europesays.com\/fr\/wp-json\/wp\/v2\/posts\/347797","targetHints":{"allow":["GET"]}}],"collection":[{"href":"https:\/\/www.europesays.com\/fr\/wp-json\/wp\/v2\/posts"}],"about":[{"href":"https:\/\/www.europesays.com\/fr\/wp-json\/wp\/v2\/types\/post"}],"author":[{"embeddable":true,"href":"https:\/\/www.europesays.com\/fr\/wp-json\/wp\/v2\/users\/2"}],"replies":[{"embeddable":true,"href":"https:\/\/www.europesays.com\/fr\/wp-json\/wp\/v2\/comments?post=347797"}],"version-history":[{"count":0,"href":"https:\/\/www.europesays.com\/fr\/wp-json\/wp\/v2\/posts\/347797\/revisions"}],"wp:featuredmedia":[{"embeddable":true,"href":"https:\/\/www.europesays.com\/fr\/wp-json\/wp\/v2\/media\/347798"}],"wp:attachment":[{"href":"https:\/\/www.europesays.com\/fr\/wp-json\/wp\/v2\/media?parent=347797"}],"wp:term":[{"taxonomy":"category","embeddable":true,"href":"https:\/\/www.europesays.com\/fr\/wp-json\/wp\/v2\/categories?post=347797"},{"taxonomy":"post_tag","embeddable":true,"href":"https:\/\/www.europesays.com\/fr\/wp-json\/wp\/v2\/tags?post=347797"}],"curies":[{"name":"wp","href":"https:\/\/api.w.org\/{rel}","templated":true}]}}