{"id":347805,"date":"2025-08-27T14:46:30","date_gmt":"2025-08-27T14:46:30","guid":{"rendered":"https:\/\/www.europesays.com\/fr\/347805\/"},"modified":"2025-08-27T14:46:30","modified_gmt":"2025-08-27T14:46:30","slug":"a-rennes-cette-jardinerie-organise-une-grande-vente-de-plantes","status":"publish","type":"post","link":"https:\/\/www.europesays.com\/fr\/347805\/","title":{"rendered":"\u00e0 Rennes, cette jardinerie organise une grande vente de plantes"},"content":{"rendered":"<p>            Par<br \/>\n        <strong><br \/>\n            <a href=\"https:\/\/actu.fr\/auteur\/lou-batteux\" title=\"Consulter tous les articles de Lou Batteux\" target=\"_blank\" rel=\"noopener\">Lou Batteux<\/a><br \/>\n        <\/strong><\/p>\n<p>        Publi\u00e9 le<\/p>\n<p>            27 ao\u00fbt 2025 \u00e0 10h56        <\/p>\n<p>Alors que la saison estivale touche \u00e0 sa fin, la jardinerie urbaine <strong>Plantes pour tous<\/strong> liquide ses v\u00e9g\u00e9taux. Du vendredi 29 au dimanche 31 ao\u00fbt, l\u2019enseigne investira <strong>La Halle de La Brasserie<\/strong>, au 11, mail Louise-Bourgeois, \u00e0 Rennes, pour proposer aux Rennais un grand choix de plantes \u00ab\u00a0pour tous les go\u00fbts et tous les niveaux\u00a0\u00bb.<\/p>\n<p>    <a href=\"https:\/\/www.google.com\/maps\/embed?pb=!1m18!1m12!1m3!1d2664.3765285541676!2d-1.6652224232781003!3d48.10297185356917!2m3!1f0!2f0!3f0!3m2!1i1024!2i768!4f13.1!3m3!1m2!1s0x480edfd35f9f1b73%3A0x1383c55670b4bd8e!2sLa%20Brasserie!5e0!3m2!1sfr!2sfr!4v1756214306051!5m2!1sfr!2sfr\" title=\"Ouvrie le lien\" target=\"_blank\" rel=\"noopener\">Cliquez ici pour visualiser le contenu<\/a><\/p>\n<p>Plus de 150 vari\u00e9t\u00e9s<\/p>\n<p class=\" wall-content\">Plantes \u00ab\u00a0increvables\u00a0\u00bb, plantes d\u2019ombre, grandes plantes\u2026 <strong>plus de 150 vari\u00e9t\u00e9s<\/strong> \u00ab\u00a0canons et faciles d\u2019entretien\u00a0\u00bb seront mises \u00e0 la vente. Des <strong>pots, cache-pots et terreaux<\/strong> \u00ab\u00a0made in France\u00a0\u00bb seront \u00e9galement disponibles en rayon pour compl\u00e9ter vos achats.<\/p>\n<p>    <a href=\"https:\/\/www.facebook.com\/plugins\/post.php?href=https%3A%2F%2Fwww.facebook.com%2Fphoto.php%3Ffbid%3D1194357632736971%26set%3Dgm.3915582962040595%26type%3D3&amp;show_text=true&amp;width=350\" title=\"Ouvrie le lien\" target=\"_blank\" rel=\"noopener\">Cliquez ici pour visualiser le contenu<\/a><\/p>\n<p class=\" wall-content\">Retrouvez \u00ab\u00a0des milliers de plantes d\u00e8s 0,99 euro\u00a0\u00bb dont plus de la moiti\u00e9 seront commercialis\u00e9es \u00e0 <strong>moins de 10 euros<\/strong>. Un coin d\u00e9di\u00e9 aux grandes plantes sugg\u00e9rera des offres <strong>\u00e0 partir de 19,90 euros<\/strong> \u00ab\u00a0pour une touche d\u00e9co imm\u00e9diate\u00a0\u00bb. Le paiement s\u2019effectue <strong>uniquement par carte bancaire<\/strong>.<\/p>\n<p>R\u00e9serve ta place<\/p>\n<p class=\" wall-content\">Vendredi 29 et samedi 30 ao\u00fbt, La Brasserie vous ouvrira ses portes <strong>de 10h \u00e0 19h<\/strong>, et dimanche 31 ao\u00fbt, elle vous accueillera <strong>de 10h \u00e0 17h<\/strong>. Pour profiter de cette grande vente, Plantes pour tous vous conseille de r\u00e9server votre place sur <a href=\"https:\/\/www.eventbrite.fr\/e\/billets-grande-vente-de-plantes-rennes-1416248951739?aff=oddtdtcreator&amp;fbclid=IwY2xjawMahEBleHRuA2FlbQIxMABicmlkETF1OXRqVWk5dFVWOU8xZ0hZAR4-FZHZD3AJXdxXmiLF4ZosrCmO48SyaNcXsn0OHITjXs8gvJJR7CB67VtZAQ_aem_UnnG9dqhnVkZezYTmVAvXg\" target=\"_blank\" rel=\"noopener\">la billetterie en ligne<\/a>, car\u00a0elles \u00ab\u00a0partent vite\u00a0\u00bb.<\/p>\n<p class=\" wall-content\"><strong>Plusieurs cr\u00e9neaux<\/strong> sont propos\u00e9s chaque jour et le point de vente est accessible aux personnes \u00e0 mobilit\u00e9 r\u00e9duite.\u00a0<\/p>\n<p class=\" wall-content\">Personnalisez votre actualit\u00e9 en ajoutant vos villes et m\u00e9dias en favori avec <a href=\"https:\/\/moncompte.actu.fr\" title=\"D\u00e9couvez Mon Actu\" rel=\"nofollow noopener\" data-trk=\"{&quot;cta&quot;:{&quot;action&quot;:&quot;https:\\\/\\\/moncompte.actu.fr&quot;,&quot;category&quot;:&quot;mon compte&quot;,&quot;from&quot;:&quot;article footer&quot;,&quot;name&quot;:&quot;Mon actu&quot;,&quot;type&quot;:&quot;cta&quot;}}\" target=\"_blank\">Mon Actu<\/a>.<\/p>\n","protected":false},"excerpt":{"rendered":"Par Lou Batteux Publi\u00e9 le 27 ao\u00fbt 2025 \u00e0 10h56 Alors que la saison estivale touche \u00e0 sa&hellip;\n","protected":false},"author":2,"featured_media":347806,"comment_status":"","ping_status":"","sticky":false,"template":"","format":"standard","meta":{"footnotes":""},"categories":[2821],"tags":[1111,11,829,215,1777,674,1011,27,2575,1305,12,584,25],"class_list":{"0":"post-347805","1":"post","2":"type-post","3":"status-publish","4":"format-standard","5":"has-post-thumbnail","7":"category-rennes","8":"tag-actu","9":"tag-actualites","10":"tag-bretagne","11":"tag-commerce","12":"tag-eu","13":"tag-europe","14":"tag-fr","15":"tag-france","16":"tag-jardinage","17":"tag-lifestyle","18":"tag-news","19":"tag-rennes","20":"tag-republique-francaise"},"share_on_mastodon":{"url":"https:\/\/pubeurope.com\/@fr\/115101275576395633","error":""},"_links":{"self":[{"href":"https:\/\/www.europesays.com\/fr\/wp-json\/wp\/v2\/posts\/347805","targetHints":{"allow":["GET"]}}],"collection":[{"href":"https:\/\/www.europesays.com\/fr\/wp-json\/wp\/v2\/posts"}],"about":[{"href":"https:\/\/www.europesays.com\/fr\/wp-json\/wp\/v2\/types\/post"}],"author":[{"embeddable":true,"href":"https:\/\/www.europesays.com\/fr\/wp-json\/wp\/v2\/users\/2"}],"replies":[{"embeddable":true,"href":"https:\/\/www.europesays.com\/fr\/wp-json\/wp\/v2\/comments?post=347805"}],"version-history":[{"count":0,"href":"https:\/\/www.europesays.com\/fr\/wp-json\/wp\/v2\/posts\/347805\/revisions"}],"wp:featuredmedia":[{"embeddable":true,"href":"https:\/\/www.europesays.com\/fr\/wp-json\/wp\/v2\/media\/347806"}],"wp:attachment":[{"href":"https:\/\/www.europesays.com\/fr\/wp-json\/wp\/v2\/media?parent=347805"}],"wp:term":[{"taxonomy":"category","embeddable":true,"href":"https:\/\/www.europesays.com\/fr\/wp-json\/wp\/v2\/categories?post=347805"},{"taxonomy":"post_tag","embeddable":true,"href":"https:\/\/www.europesays.com\/fr\/wp-json\/wp\/v2\/tags?post=347805"}],"curies":[{"name":"wp","href":"https:\/\/api.w.org\/{rel}","templated":true}]}}