{"id":34781,"date":"2025-04-18T19:44:32","date_gmt":"2025-04-18T19:44:32","guid":{"rendered":"https:\/\/www.europesays.com\/fr\/34781\/"},"modified":"2025-04-18T19:44:32","modified_gmt":"2025-04-18T19:44:32","slug":"pierrette-bloch-lart-de-sortir-du-cadre","status":"publish","type":"post","link":"https:\/\/www.europesays.com\/fr\/34781\/","title":{"rendered":"Pierrette Bloch, l\u2019art de sortir du cadre"},"content":{"rendered":"<p>Redonner aux femmes la place qu\u2019elles m\u00e9ritent dans l\u2019histoire de l\u2019art est une des ambitions d\u2019Aur\u00e9lie Voltz, la directrice du MAMC (le mus\u00e9e d\u2019Art moderne et contemporain) de Saint-\u00c9tienne. Apr\u00e8s Marcelle Cahn, elle a d\u00e9cid\u00e9 de rendre hommage au travail de Pierrette Bloch (1928-2017)\u00a0: \u00ab\u00a0Il s\u2019agit de la premi\u00e8re r\u00e9trospective en France d\u00e9di\u00e9e \u00e0 cette artiste. L\u2019occasion de r\u00e9v\u00e9ler son parcours majeur de 70 ans de cr\u00e9ation.\u00a0\u00bb<\/p>\n<p>Une amiti\u00e9 forte avec Pierre Soulages<\/p>\n<p>Sept salles pour 200 pi\u00e8ces et une avanc\u00e9e chronologique dans l\u2019\u0153uvre de l\u2019artiste n\u00e9e en 1928. Le visiteur d\u00e9couvre d\u2019abord les pr\u00e9mices, comme le d\u00e9taille David Qu\u00e9r\u00e9, co-commissaire de cette exposition\u00a0: \u00ab\u00a0Cette salle s\u2019\u00e9tale sur la p\u00e9riode de 1948 \u00e0 1968. En 1949, elle rencontre Pierre Soulages avec qui elle va nouer un lien d\u2019amiti\u00e9 tr\u00e8s fort. Durant cette p\u00e9riode de 20 ans, elle fait diff\u00e9rentes tentatives avec le fusain, le pastel, l\u2019estampe, les collages et la peinture. Ce sont des exp\u00e9riences, pas encore la&#8230;<\/p>\n","protected":false},"excerpt":{"rendered":"Redonner aux femmes la place qu\u2019elles m\u00e9ritent dans l\u2019histoire de l\u2019art est une des ambitions d\u2019Aur\u00e9lie Voltz, la&hellip;\n","protected":false},"author":2,"featured_media":34782,"comment_status":"","ping_status":"","sticky":false,"template":"","format":"standard","meta":{"footnotes":""},"categories":[9653],"tags":[1111,11,2430,1687,1777,674,2271,1011,27,12,25,4001],"class_list":{"0":"post-34781","1":"post","2":"type-post","3":"status-publish","4":"format-standard","5":"has-post-thumbnail","7":"category-saint-etienne","8":"tag-actu","9":"tag-actualites","10":"tag-auvergne-rhone-alpes","11":"tag-culture-loisirs","12":"tag-eu","13":"tag-europe","14":"tag-exposition-arts-plastiques","15":"tag-fr","16":"tag-france","17":"tag-news","18":"tag-republique-francaise","19":"tag-saint-etienne"},"share_on_mastodon":{"url":"https:\/\/pubeurope.com\/@fr\/114360684627611873","error":""},"_links":{"self":[{"href":"https:\/\/www.europesays.com\/fr\/wp-json\/wp\/v2\/posts\/34781","targetHints":{"allow":["GET"]}}],"collection":[{"href":"https:\/\/www.europesays.com\/fr\/wp-json\/wp\/v2\/posts"}],"about":[{"href":"https:\/\/www.europesays.com\/fr\/wp-json\/wp\/v2\/types\/post"}],"author":[{"embeddable":true,"href":"https:\/\/www.europesays.com\/fr\/wp-json\/wp\/v2\/users\/2"}],"replies":[{"embeddable":true,"href":"https:\/\/www.europesays.com\/fr\/wp-json\/wp\/v2\/comments?post=34781"}],"version-history":[{"count":0,"href":"https:\/\/www.europesays.com\/fr\/wp-json\/wp\/v2\/posts\/34781\/revisions"}],"wp:featuredmedia":[{"embeddable":true,"href":"https:\/\/www.europesays.com\/fr\/wp-json\/wp\/v2\/media\/34782"}],"wp:attachment":[{"href":"https:\/\/www.europesays.com\/fr\/wp-json\/wp\/v2\/media?parent=34781"}],"wp:term":[{"taxonomy":"category","embeddable":true,"href":"https:\/\/www.europesays.com\/fr\/wp-json\/wp\/v2\/categories?post=34781"},{"taxonomy":"post_tag","embeddable":true,"href":"https:\/\/www.europesays.com\/fr\/wp-json\/wp\/v2\/tags?post=34781"}],"curies":[{"name":"wp","href":"https:\/\/api.w.org\/{rel}","templated":true}]}}