{"id":347811,"date":"2025-08-27T14:49:12","date_gmt":"2025-08-27T14:49:12","guid":{"rendered":"https:\/\/www.europesays.com\/fr\/347811\/"},"modified":"2025-08-27T14:49:12","modified_gmt":"2025-08-27T14:49:12","slug":"nos-idees-de-sorties-a-strasbourg-et-autour","status":"publish","type":"post","link":"https:\/\/www.europesays.com\/fr\/347811\/","title":{"rendered":"nos id\u00e9es de sorties \u00e0 Strasbourg et autour"},"content":{"rendered":"<p>Des artistes color\u00e9s suspendus au-dessus de la place Kl\u00e9ber, un radeau qui manque de se renverser \u00e0 Riv\u00e9toile, une armoire polyphonique place Saint-Thomas ou une fanfare masqu\u00e9 place du Ch\u00e2teau\u00a0: voici les \u00e9tonnants convives qui ont \u00e9t\u00e9 programm\u00e9s <a href=\"https:\/\/www.dna.fr\/culture-loisirs\/2025\/08\/23\/arts-de-la-rue-le-farse-fete-ses-dix-ans-en-vingt-spectacles-gratuits\" target=\"_blank\" rel=\"nofollow noopener\">pour f\u00eater les dix ans du FARSe<\/a> qui se d\u00e9rouleront ce week-end. \u00ab\u00a0Une occasion de s\u2019interroger et de c\u00e9l\u00e9brer tous ensemble, tout en portant un regard diff\u00e9rent sur la ville\u00a0\u00bb, se r\u00e9jouit la maire de Strasbourg.<\/p>\n<p>Du cirque au th\u00e9\u00e2tre en passant par la musique et le slam, 65 repr\u00e9sentations auront lieu sur 17 sites. Pour c\u00e9l\u00e9brer cette date, le festival propose plusieurs nouveaut\u00e9s comme des rencontres avec les artistes, une exposition photo au village situ\u00e9 dans la Manufacture des tabacs et le retour d\u2019un spectacle coup de c\u0153ur\u00a0de l\u2019ann\u00e9e derni\u00e8re, Sodade.<\/p>\n<p>Axel Goepfer, au poste de directeur artistique pour la troisi\u00e8me ann\u00e9e, a \u00e9galement tenu \u00e0 ce que le festival soit le plus inclusif possible, avec le retour du parcours famille et des spectacles accessibles aux d\u00e9ficients visuels, auditifs et cognitifs.<\/p>\n<p>En cas d\u2019intemp\u00e9rie, les organisateurs invitent le public \u00e0 se tourner vers les b\u00e9n\u00e9voles ou les r\u00e9seaux sociaux du festival qui annonceront en temps r\u00e9el toute annulation ou report.<\/p>\n<p>Un point info sera ouvert \u00e0 partir de 15\u00a0h ce jeudi 28\u00a0ao\u00fbt, place Gutenberg.<\/p>\n<p>Dix pays \u2013 C\u00f4te d&rsquo;Ivoire, Espagne, Burkina Faso, Kosovo, \u00eele Maurice, Cameroun, Turquie, Maroc, Alg\u00e9rie et Cuba \u2013 seront repr\u00e9sent\u00e9s \u00e0 la F\u00eate des peuples, qui se tiendra ce samedi 30\u00a0ao\u00fbt, \u00e0 partir de 18\u200ah\u200a30, au city stade de la rue Libermann, \u00e0 Illkirch-Graffenstaden. Des habitants originaires de ces pays auront \u00e0 c\u0153ur de partager leur culture en proposant leurs sp\u00e9cialit\u00e9s culinaires pour la modique somme de 3\u00a0euros par jeton d\u00e9gustation.<br \/>Organis\u00e9e par le centre socioculturel Phare de l\u2019Ill, l\u2019association des usagers du Phare de l\u2019Ill, avec la participation active des Cadets de la pr\u00e9vention, cette f\u00eate est aussi musicale. Elle se d\u00e9roulera au son et aux rythmes de la musique latine du groupe Juan Ganda, et sur les pas de danse de la musique cubaine pour une d\u00e9monstration de salsa.<br \/>Pour l\u2019ensemble des organisateurs, les ma\u00eetres mots de cette soir\u00e9e seront la convivialit\u00e9, la solidarit\u00e9, le bien vivre ensemble et la d\u00e9couverte culturelle via l\u2019art culinaire. Faites des surprises \u00e0 vos papilles, laissez tra\u00eener vos oreilles, assur\u00e9ment la soir\u00e9e sera excellente\u200a!<\/p>\n<p>  &#13;<br \/>\n      <a href=\"https:\/\/cdn-s-www.dna.fr\/images\/957ecfac-ebba-4422-98cf-2917ed43482c\/NW_raw\/la-house-of-marley-promet-un-rendez-vous-inclusif-et-ouvert-a-tous-photo-dr-1756303412.jpg\" title=\"La House of Marley promet un rendez-vous inclusif et ouvert \u00e0 tous.\u00a0 Photo DR\" class=\"chocolat-image GA-tracking\" data-ga_type=\"click\" data-ga_category=\"D\u00e9tail\" data-ga_action=\"zoomer\" data-ga_label=\"agrandir image\" rel=\"nofollow noopener\" target=\"_blank\">&#13;<br \/>\n          <img loading=\"lazy\" decoding=\"async\" src=\"https:\/\/www.europesays.com\/fr\/wp-content\/uploads\/2025\/08\/la-house-of-marley-promet-un-rendez-vous-inclusif-et-ouvert-a-tous-photo-dr-1756303412.jpg\" data-mobile=\"NW_listC_M|1756303412\" data-base=\"NW_listC|1756303412\" alt=\"La House of Marley promet un rendez-vous inclusif et ouvert \u00e0 tous.\u00a0 Photo DR\"\/>&#13;<br \/>\n      <\/a>&#13;<\/p>\n<p>La House of Marley promet un rendez-vous inclusif et ouvert \u00e0 tous.\u00a0 Photo DR<\/p>\n<p>&#13;<\/p>\n<p>La c\u00e9l\u00e8bre Mousse party de <a href=\"https:\/\/www.dna.fr\/culture-loisirs\/2023\/12\/28\/une-h-o-m-e-pour-les-artistes-du-drag\" target=\"_blank\" rel=\"nofollow noopener\">la House of Marley<\/a> revient dans un nouveau format \u200a: DJ sets, drag shows et surprises\u2026 pour prolonger l\u2019ambiance estivale et mettre la rentr\u00e9e sur pause ! Cette fois, le rendez-vous aura lieu \u00e0 La Grenze (23 rue Georges-Wodli, \u00e0 Strasbourg) de 15\u200ah \u00e0 22\u200ah, la terrasse ne fermera qu\u2018\u00e0 00\u200ah\u200a30 \u00ab\u200apour un essorage tout en douceur\u200a \u00bb. Tarif\u200a: 13 \u20ac (pr\u00e9vente\u200a: 10 \u20ac). Acc\u00e8s PMR.<\/p>\n","protected":false},"excerpt":{"rendered":"Des artistes color\u00e9s suspendus au-dessus de la place Kl\u00e9ber, un radeau qui manque de se renverser \u00e0 Riv\u00e9toile,&hellip;\n","protected":false},"author":2,"featured_media":347812,"comment_status":"","ping_status":"","sticky":false,"template":"","format":"standard","meta":{"footnotes":""},"categories":[2820],"tags":[1111,11,1687,2880,27337,1777,674,3326,107,1011,27,775,3088,873,12,25,5512,3140,640,2879],"class_list":{"0":"post-347811","1":"post","2":"type-post","3":"status-publish","4":"format-standard","5":"has-post-thumbnail","7":"category-strasbourg","8":"tag-actu","9":"tag-actualites","10":"tag-culture-loisirs","11":"tag-edition-strasbourg","12":"tag-estivales","13":"tag-eu","14":"tag-europe","15":"tag-fete-locale","16":"tag-fil-info","17":"tag-fr","18":"tag-france","19":"tag-grand-est","20":"tag-illkirch-graffenstaden","21":"tag-musique","22":"tag-news","23":"tag-republique-francaise","24":"tag-schiltigheim","25":"tag-spectacle","26":"tag-strasbourg","27":"tag-strasbourg-ville"},"share_on_mastodon":{"url":"https:\/\/pubeurope.com\/@fr\/115101287339615942","error":""},"_links":{"self":[{"href":"https:\/\/www.europesays.com\/fr\/wp-json\/wp\/v2\/posts\/347811","targetHints":{"allow":["GET"]}}],"collection":[{"href":"https:\/\/www.europesays.com\/fr\/wp-json\/wp\/v2\/posts"}],"about":[{"href":"https:\/\/www.europesays.com\/fr\/wp-json\/wp\/v2\/types\/post"}],"author":[{"embeddable":true,"href":"https:\/\/www.europesays.com\/fr\/wp-json\/wp\/v2\/users\/2"}],"replies":[{"embeddable":true,"href":"https:\/\/www.europesays.com\/fr\/wp-json\/wp\/v2\/comments?post=347811"}],"version-history":[{"count":0,"href":"https:\/\/www.europesays.com\/fr\/wp-json\/wp\/v2\/posts\/347811\/revisions"}],"wp:featuredmedia":[{"embeddable":true,"href":"https:\/\/www.europesays.com\/fr\/wp-json\/wp\/v2\/media\/347812"}],"wp:attachment":[{"href":"https:\/\/www.europesays.com\/fr\/wp-json\/wp\/v2\/media?parent=347811"}],"wp:term":[{"taxonomy":"category","embeddable":true,"href":"https:\/\/www.europesays.com\/fr\/wp-json\/wp\/v2\/categories?post=347811"},{"taxonomy":"post_tag","embeddable":true,"href":"https:\/\/www.europesays.com\/fr\/wp-json\/wp\/v2\/tags?post=347811"}],"curies":[{"name":"wp","href":"https:\/\/api.w.org\/{rel}","templated":true}]}}