{"id":347813,"date":"2025-08-27T14:50:12","date_gmt":"2025-08-27T14:50:12","guid":{"rendered":"https:\/\/www.europesays.com\/fr\/347813\/"},"modified":"2025-08-27T14:50:12","modified_gmt":"2025-08-27T14:50:12","slug":"jeunes-nicois-un-guide-et-deux-rendez-vous-cles-pour-une-rentree-reussie","status":"publish","type":"post","link":"https:\/\/www.europesays.com\/fr\/347813\/","title":{"rendered":"Jeunes Ni\u00e7ois : un guide et deux rendez-vous cl\u00e9s pour une rentr\u00e9e r\u00e9ussie"},"content":{"rendered":"<p>                    <img loading=\"lazy\" decoding=\"async\" src=\"https:\/\/www.europesays.com\/fr\/wp-content\/uploads\/2025\/08\/499d934358078c868304094348dba1.jpg\" class=\"img-responsive post-image\" width=\"680\" height=\"510\" alt=\"Jeunes Ni\u00e7ois : un guide\" title=\"Jeunes Ni\u00e7ois : un guide et deux rendez-vous cl\u00e9s pour une rentr\u00e9e r\u00e9ussie\"\/><\/p>\n<p class=\"chapo\">\u00c0 l\u2019heure de la rentr\u00e9e, la Ville de Nice met les jeunes au centre de ses priorit\u00e9s avec la parution d\u2019un guide pratique complet et l\u2019organisation de deux \u00e9v\u00e9nements incontournables pour les \u00e9tudiants.<\/p>\n<p>                    \u00ab\u00a0Jeune &amp; Ni\u00e7ois\u00a0\u00bb\u00a0: un guide pour accompagner les jeunes au quotidien<\/p>\n<p>Depuis le 10 juillet, les Ni\u00e7oises et Ni\u00e7ois disposent d\u2019un <a href=\"https:\/\/www.petitesaffiches.fr\/politique,104\/la-ville-de-nice-veut-plus-d,36201.html\" rel=\"nofollow noopener\" target=\"_blank\">nouvel outil pens\u00e9 sp\u00e9cialement pour eux<\/a>\u00a0: le guide \u00ab\u00a0Jeune &amp; Ni\u00e7ois\u00a0\u00bb. \u00c9dit\u00e9 par la Ville de Nice, il rassemble en un seul support toutes les informations utiles pour les 16-30 ans\u00a0: orientation, emploi, sant\u00e9, logement, mobilit\u00e9, sport, culture ou encore engagement citoyen. Disponible sur Allo Mairie, Nice.fr (avec des mises \u00e0 jour r\u00e9guli\u00e8res), en mairie principale et dans les mairies annexes, il est \u00e9galement diffus\u00e9 largement via les partenaires de la municipalit\u00e9.<br class=\"autobr\"\/><br \/>\n\u00ab\u00a0 Depuis 2008, je place la jeunesse au c\u0153ur des politiques publiques. (\u2026) L\u2019avenir de Nice, c\u2019est elle \u00a0!\u00a0\u00bb, souligne <strong>Christian Estrosi<\/strong>, Maire de Nice, Pr\u00e9sident de la M\u00e9tropole Nice C\u00f4te d\u2019Azur. Chaque ann\u00e9e, plus de 13 millions d\u2019euros sont consacr\u00e9s aux dispositifs en faveur de la jeunesse.<\/p>\n<p>Deux \u00e9v\u00e9nements pour les \u00e9tudiants ni\u00e7ois en septembre<\/p>\n<p>Avec plus de 51 000 \u00e9tudiants sur le territoire m\u00e9tropolitain \u2013 dont 80\u00a0% \u00e0 Nice \u2013 la rentr\u00e9e universitaire est un temps fort. Pour les accompagner, la Maison de l\u2019\u00c9tudiant organise deux rendez-vous d\u00e9but septembre\u00a0:<\/p>\n<p> \u00ab\u00a0Trouve ton toit\u00a0\u00bb<\/p>\n<p>Samedi 6 septembre, de 13h \u00e0 17h30<br class=\"autobr\"\/><br \/>\nCap Jeunesse \u2013 6 avenue F\u00e9lix Faure<br class=\"autobr\"\/><br \/>\nEntr\u00e9e libre<\/p>\n<p>Cette rencontre regroupera en un seul lieu l\u2019ensemble des acteurs du logement \u00e9tudiant\u00a0: CROUS, CAF, ADIL, Action Logement, API Provence, Etuloge, le CCAS de Nice et bien d\u2019autres. Objectif\u00a0: conseiller, orienter et simplifier les d\u00e9marches des jeunes et de leurs familles, que ce soit pour un logement individuel ou une colocation.<\/p>\n<p>\u00ab\u00a0Le Before de ta rentr\u00e9e\u00a0\u00bb<\/p>\n<p>Jeudi 11 septembre, de 17h30 \u00e0 21h<br class=\"autobr\"\/><br \/>\nMaison de l\u2019\u00c9tudiant \u2013 5 avenue Fran\u00e7ois Mitterrand<br class=\"autobr\"\/><br \/>\nEntr\u00e9e libre<\/p>\n<p>Devenu un classique de la rentr\u00e9e, cet \u00e9v\u00e9nement r\u00e9unit plus d\u2019une vingtaine de partenaires du monde \u00e9tudiant\u00a0: CROUS, Lignes d\u2019Azur, CAF, CPAM, AFEV, AnimaNice, cin\u00e9math\u00e8que, associations sportives et culturelles\u2026 Logement, aides sociales, mobilit\u00e9, sant\u00e9, loisirs ou engagement\u00a0: toutes les th\u00e9matiques seront abord\u00e9es. La soir\u00e9e se cl\u00f4turera par un stand-up gratuit du Bobar Comedy Club \u00e0 partir de 20h, ouvert \u00e0 tous.<\/p>\n<p>Photo de Une \u00a9Ville de Nice \/David Nouy<\/p>\n","protected":false},"excerpt":{"rendered":"\u00c0 l\u2019heure de la rentr\u00e9e, la Ville de Nice met les jeunes au centre de ses priorit\u00e9s avec&hellip;\n","protected":false},"author":2,"featured_media":347814,"comment_status":"","ping_status":"","sticky":false,"template":"","format":"standard","meta":{"footnotes":""},"categories":[2819],"tags":[1111,11,2408,1777,674,1011,27,12,2401,882,25],"class_list":{"0":"post-347813","1":"post","2":"type-post","3":"status-publish","4":"format-standard","5":"has-post-thumbnail","7":"category-nice","8":"tag-actu","9":"tag-actualites","10":"tag-appels-d","11":"tag-eu","12":"tag-europe","13":"tag-fr","14":"tag-france","15":"tag-news","16":"tag-nice","17":"tag-provence-alpes-cote-dazur","18":"tag-republique-francaise"},"share_on_mastodon":{"url":"https:\/\/pubeurope.com\/@fr\/115101291257014675","error":""},"_links":{"self":[{"href":"https:\/\/www.europesays.com\/fr\/wp-json\/wp\/v2\/posts\/347813","targetHints":{"allow":["GET"]}}],"collection":[{"href":"https:\/\/www.europesays.com\/fr\/wp-json\/wp\/v2\/posts"}],"about":[{"href":"https:\/\/www.europesays.com\/fr\/wp-json\/wp\/v2\/types\/post"}],"author":[{"embeddable":true,"href":"https:\/\/www.europesays.com\/fr\/wp-json\/wp\/v2\/users\/2"}],"replies":[{"embeddable":true,"href":"https:\/\/www.europesays.com\/fr\/wp-json\/wp\/v2\/comments?post=347813"}],"version-history":[{"count":0,"href":"https:\/\/www.europesays.com\/fr\/wp-json\/wp\/v2\/posts\/347813\/revisions"}],"wp:featuredmedia":[{"embeddable":true,"href":"https:\/\/www.europesays.com\/fr\/wp-json\/wp\/v2\/media\/347814"}],"wp:attachment":[{"href":"https:\/\/www.europesays.com\/fr\/wp-json\/wp\/v2\/media?parent=347813"}],"wp:term":[{"taxonomy":"category","embeddable":true,"href":"https:\/\/www.europesays.com\/fr\/wp-json\/wp\/v2\/categories?post=347813"},{"taxonomy":"post_tag","embeddable":true,"href":"https:\/\/www.europesays.com\/fr\/wp-json\/wp\/v2\/tags?post=347813"}],"curies":[{"name":"wp","href":"https:\/\/api.w.org\/{rel}","templated":true}]}}