{"id":347823,"date":"2025-08-27T14:56:11","date_gmt":"2025-08-27T14:56:11","guid":{"rendered":"https:\/\/www.europesays.com\/fr\/347823\/"},"modified":"2025-08-27T14:56:11","modified_gmt":"2025-08-27T14:56:11","slug":"lombre-des-legislatives-sur-la-campagne-des-municipales-2026-a-toulouse","status":"publish","type":"post","link":"https:\/\/www.europesays.com\/fr\/347823\/","title":{"rendered":"L\u2019ombre des l\u00e9gislatives sur la campagne des municipales 2026 \u00e0 Toulouse"},"content":{"rendered":"<p>\n                                                                    l&rsquo;essentiel<br \/>\n                                                                L\u2019\u00e9ventualit\u00e9 d\u2019une dissolution de l\u2019Assembl\u00e9e nationale et d\u2019\u00e9lections l\u00e9gislatives est prise en compte par les partis politiques d\u00e9j\u00e0 engag\u00e9s dans les municipales. Fran\u00e7ois Piquemal, candidat LFI \u00e0 Toulouse et d\u00e9put\u00e9, a d\u00e9cid\u00e9 qu\u2019il se pr\u00e9senterait aux deux scrutins.\n                            <\/p>\n<p>En jouant son va-tout devant l\u2019Assembl\u00e9e nationale le 8\u00a0septembre, Fran\u00e7ois Bayrou ouvre une nouvelle p\u00e9riode d\u2019instabilit\u00e9 politique qui se r\u00e9percute, localement, sur la campagne des municipales de mars\u00a02026. Apr\u00e8s la chute vraisemblable du gouvernement, la dissolution n\u2019est ni automatique ni certaine, la d\u00e9cision \u00e9tant entre les mains d\u2019Emmanuel Macron. Mais cette \u00e9ventualit\u00e9 ne peut \u00eatre \u00e9cart\u00e9e par les \u00e9tats-majors des partis politiques qui devront peut-\u00eatre courir deux \u00e9preuves en m\u00eame temps.<\/p>\n<p>\u00c0 Toulouse, la premi\u00e8re cons\u00e9quence concerne <a href=\"https:\/\/www.ladepeche.fr\/2025\/02\/07\/municipales-2026-a-toulouse-francois-piquemal-lfi-a-lance-sa-campagne-12498663.php\" target=\"_self\" rel=\"nofollow noopener\">le candidat Insoumis au Capitole Fran\u00e7ois Piquemal<\/a>, \u00e9galement d\u00e9put\u00e9. Et l\u2019int\u00e9ress\u00e9 a d\u00e9j\u00e0 tranch\u00e9\u00a0: il se pr\u00e9sentera aux deux \u00e9lections. Et en cas de double victoire, il d\u00e9missionnera du mandat de d\u00e9put\u00e9 pour laisser la place \u00e0 sa suppl\u00e9ante, Victoria Scampa. Pour lui, se justifie-t-il, les deux combats n\u2019en font qu\u2019un\u00a0: \u00ab\u00a0Jean-Luc Moudenc a soutenu tous les gouvernements nomm\u00e9s par M. Macron.\u00a0\u00bb Et il se r\u00e9jouit m\u00eame d\u2019une \u00ab\u00a0clarification politique n\u00e9cessaire\u00a0\u00bb.<\/p>\n<p>\u00ab\u00a0Je suis au service des Toulousains. Et je n\u2019ai pas peur de leurs votes\u00a0\u00bb, assure le d\u00e9put\u00e9 LFI qui consid\u00e8re que la dissolution n\u2019est pas forc\u00e9ment une hypoth\u00e8se privil\u00e9gi\u00e9e, le pr\u00e9sident pouvant \u00ab\u00a0maintenir le statu quo\u00a0\u00bb. Avec sa formation, il va par ailleurs demander \u00ab\u00a0la destitution\u00a0\u00bb d\u2019Emmanuel Macron pour obtenir une pr\u00e9sidentielle anticip\u00e9e.<\/p>\n<p>Mais cette posture est d\u00e9j\u00e0 contest\u00e9e au sein de la gauche par un \u00e9ventuel partenaire sur une liste de premier tour, les \u00c9cologistes. <a href=\"https:\/\/www.ladepeche.fr\/2024\/11\/20\/municipales-2026-a-toulouse-regis-godec-le-come-back-surprise-12333726.php\" target=\"_self\" rel=\"nofollow noopener\">Leur chef de file, R\u00e9gis Godec<\/a>, la juge \u00ab\u00a0\u2005illisible\u00a0\u00bb et \u00ab\u00a0\u2005incoh\u00e9rente\u2005\u00a0\u00bb\u00a0: \u00ab\u00a0ce n\u2019est pas le m\u00eame combat\u2005\u00a0\u00bb, lance-t-il.<\/p>\n<p>Les partis \u00ab\u00a0\u00e0 couteaux tir\u00e9s\u00a0\u00bb<\/p>\n<p>Autre cons\u00e9quence en cas de l\u00e9gislatives\u00a0: la gauche repartira-t-elle unie sous la banni\u00e8re Nouveau Front populaire ou les tensions actuelles vont-elles s\u2019attiser\u00a0? Aujourd\u2019hui, estime <a href=\"https:\/\/www.ladepeche.fr\/2025\/05\/14\/il-faut-trouver-le-meilleur-candidat-pour-battre-jean-luc-moudenc-assure-maxime-le-texier-probable-tete-de-liste-darchipel-citoyen-pour-les-12695211.php\" target=\"_self\" rel=\"nofollow noopener\">Maxime Le Texier, candidat pour Archipel Citoyen<\/a>, \u00ab\u00a0\u2005les partis politiques sont \u00e0 couteaux tir\u00e9s\u2005\u00a0\u00bb. La dissolution, pour celui qui plaide en faveur d\u2019une plus grande place de la soci\u00e9t\u00e9 civile, est donc un danger pour une union de la gauche d\u00e9j\u00e0 compromise sur le terrain des municipales.<\/p>\n<p>\u00ab\u00a0\u2005Cela renforce la n\u00e9cessit\u00e9 de s\u2019unir et nous mettra encore face \u00e0 nos responsabilit\u00e9s\u2005\u00a0\u00bb, pronostique<a href=\"https:\/\/www.ladepeche.fr\/2025\/02\/05\/je-suis-capable-de-federer-la-gauche-isabelle-hardy-investie-par-generation-s-se-lance-dans-la-course-aux-municipales-a-toulouse-12493395.php\" target=\"_self\" rel=\"nofollow noopener\"> Isabelle Hardy (G\u00e9n\u00e9ration. s)<\/a>. \u00ab\u00a0La dissolution plongerait le pays dans un ab\u00eeme politique, \u00e9conomique et social\u2005\u00a0\u00bb, affirme pour <a href=\"https:\/\/www.ladepeche.fr\/2025\/08\/14\/municipales-2026-a-toulouse-le-parti-de-raphael-glucksmann-veut-siffler-la-fin-de-la-recreation-12874987.php\" target=\"_self\" rel=\"nofollow noopener\">Place publique Hugo Sajhau<\/a>. Mais si elle intervenait, \u00a0\u00bb nous travaillerions \u00e0 l\u2019union sans LFI\u00a0\u00bb. Et Place publique a d\u00e9j\u00e0 \u00ab\u00a0\u2005un programme et des candidats\u2005\u00a0\u00bb.<\/p>\n<p>Une campagne \u00e9clair\u00a0?<\/p>\n<p>Au Parti socialiste, <a href=\"https:\/\/www.ladepeche.fr\/2025\/07\/08\/municipales-2026-a-toulouse-la-lettre-aux-toulousains-de-francois-briancon-tete-de-liste-socialiste-qui-veut-unir-une-gauche-populaire-12811055.php\" target=\"_self\" rel=\"nofollow noopener\">Fran\u00e7ois Brian\u00e7on <\/a>juge qu\u2019il est \u00ab\u00a0\u2005trop t\u00f4t\u2005\u00a0\u00bb pour envisager l\u2019hypoth\u00e8se\u2005l\u00e9gislatives. Pour lui, les deux scrutins seraient difficilement compatibles\u00a0: \u00ab\u00a0\u2005On ne peut pas mener une campagne des municipales au moment o\u00f9 le pays doit se prononcer sur une telle situation.\u00a0\u00bb. Depuis le printemps, sans attendre, le PS, sous l\u2019\u00e9gide du n\u00b0\u00a02, Pierre Jouvet, se pr\u00e9pare quoi qu\u2019il en soit \u00e0 une dissolution.<\/p>\n<p>Du c\u00f4t\u00e9 de la droite et du centre, le locataire du Capitole, en cas de l\u00e9gislatives en octobre, voit une cons\u00e9quence imm\u00e9diate\u00a0: un report de fait \u00ab\u00a0\u2005\u00e0 novembre du d\u00e9but des campagnes municipales des \u00e9quipes en lice\u2005\u00a0\u00bb. Pour Jean-Luc Moudenc, de toute fa\u00e7on, \u00ab\u00a0\u2005le d\u00e9bat \u00e9lectoral municipal ne bat v\u00e9ritablement son plein qu\u2019au premier trimestre.\u00a0\u00bb<\/p>\n<p><a href=\"https:\/\/www.ladepeche.fr\/2025\/08\/19\/repousser-le-nationalisme-et-le-melenchonisme-liberation-de-toulouse-moudenc-rend-hommage-aux-resistants-dans-un-discours-tres-politique-12883906.php\" target=\"_self\" rel=\"nofollow noopener\">Le maire-candidat <\/a>pr\u00e9pare-t-il une campagne \u00e9clair\u00a0? Son objectif reste d\u2019assurer aux Toulousains le plus longtemps possible \u00ab\u00a0\u2005que l\u2019\u00e9quipe municipale est au travail, tout autant que d\u2019habitude, qu\u2019il y ait ou non une dissolution\u00a0\u00bb.<\/p>\n","protected":false},"excerpt":{"rendered":"l&rsquo;essentiel L\u2019\u00e9ventualit\u00e9 d\u2019une dissolution de l\u2019Assembl\u00e9e nationale et d\u2019\u00e9lections l\u00e9gislatives est prise en compte par les partis politiques&hellip;\n","protected":false},"author":2,"featured_media":347824,"comment_status":"","ping_status":"","sticky":false,"template":"","format":"standard","meta":{"footnotes":""},"categories":[2816],"tags":[1111,11,1777,674,1011,27,12,2680,25,2312],"class_list":{"0":"post-347823","1":"post","2":"type-post","3":"status-publish","4":"format-standard","5":"has-post-thumbnail","7":"category-toulouse","8":"tag-actu","9":"tag-actualites","10":"tag-eu","11":"tag-europe","12":"tag-fr","13":"tag-france","14":"tag-news","15":"tag-occitanie","16":"tag-republique-francaise","17":"tag-toulouse"},"share_on_mastodon":{"url":"https:\/\/pubeurope.com\/@fr\/115101314777751890","error":""},"_links":{"self":[{"href":"https:\/\/www.europesays.com\/fr\/wp-json\/wp\/v2\/posts\/347823","targetHints":{"allow":["GET"]}}],"collection":[{"href":"https:\/\/www.europesays.com\/fr\/wp-json\/wp\/v2\/posts"}],"about":[{"href":"https:\/\/www.europesays.com\/fr\/wp-json\/wp\/v2\/types\/post"}],"author":[{"embeddable":true,"href":"https:\/\/www.europesays.com\/fr\/wp-json\/wp\/v2\/users\/2"}],"replies":[{"embeddable":true,"href":"https:\/\/www.europesays.com\/fr\/wp-json\/wp\/v2\/comments?post=347823"}],"version-history":[{"count":0,"href":"https:\/\/www.europesays.com\/fr\/wp-json\/wp\/v2\/posts\/347823\/revisions"}],"wp:featuredmedia":[{"embeddable":true,"href":"https:\/\/www.europesays.com\/fr\/wp-json\/wp\/v2\/media\/347824"}],"wp:attachment":[{"href":"https:\/\/www.europesays.com\/fr\/wp-json\/wp\/v2\/media?parent=347823"}],"wp:term":[{"taxonomy":"category","embeddable":true,"href":"https:\/\/www.europesays.com\/fr\/wp-json\/wp\/v2\/categories?post=347823"},{"taxonomy":"post_tag","embeddable":true,"href":"https:\/\/www.europesays.com\/fr\/wp-json\/wp\/v2\/tags?post=347823"}],"curies":[{"name":"wp","href":"https:\/\/api.w.org\/{rel}","templated":true}]}}