{"id":347826,"date":"2025-08-27T14:58:32","date_gmt":"2025-08-27T14:58:32","guid":{"rendered":"https:\/\/www.europesays.com\/fr\/347826\/"},"modified":"2025-08-27T14:58:32","modified_gmt":"2025-08-27T14:58:32","slug":"travaux-sur-la-ligne-1-du-metro-en-septembre-et-octobre-2025","status":"publish","type":"post","link":"https:\/\/www.europesays.com\/fr\/347826\/","title":{"rendered":"Travaux sur la ligne 1 du m\u00e9tro en septembre et octobre 2025"},"content":{"rendered":"<p style=\"text-align: justify;\">Dans le <strong>cadre des op\u00e9rations li\u00e9es au doublement des rames de m\u00e9tro,<\/strong> le <strong>trafic<\/strong> sur la <strong>ligne 1 <\/strong>sera<strong> interrompu ponctuellement en soir\u00e9e <\/strong>ou <strong>demi-journ\u00e9es<\/strong> et<strong> exceptionnellement sur un week-end entier.<\/strong> Ces <strong>interruptions<\/strong> vont permettre de <strong>finaliser les travaux de mise \u00e0 niveau des quais <\/strong>et de <strong>poursuivre les essais d\u2019Alstom <\/strong>e<strong>n version 52 m\u00e8tres.<\/strong><\/p>\n<p style=\"text-align: justify;\">Le<strong> trafic sur la ligne 1 du m\u00e9tro <\/strong>sera <strong>interrompu de 22h30 jusqu\u2019\u00e0 la fin de service tous les lundis soir, <\/strong>du<strong> lundi 01 septembre au lundi 27 octobre 2025 inclus, <\/strong>ainsi que les <strong>mardis 16 <\/strong>et <strong>30 septembre 2025,<\/strong> et <strong>14 <\/strong>et <strong>28 octobre 2025.<\/strong> Le <strong>trafic sur la ligne 1<\/strong> sera \u00e9galement <strong>interrompu le dimanche 21 septembre<\/strong> et le <strong>dimanche 12 octobre, <\/strong>de<strong> 13h30 jusqu\u2019\u00e0 la fin de service.<\/strong><\/p>\n<p><a href=\"https:\/\/www.europesays.com\/fr\/wp-content\/uploads\/2025\/08\/metro_septembre_octobre.jpg\" target=\"_blank\" rel=\"noreferrer noopener\"><img loading=\"lazy\" decoding=\"async\" width=\"923\" height=\"429\" src=\"https:\/\/www.europesays.com\/fr\/wp-content\/uploads\/2025\/08\/metro_septembre_octobre.jpg\" alt=\"\" class=\"wp-image-86603\" style=\"aspect-ratio:2.1515151515151514;width:400px\"  \/><\/a><\/p>\n<p style=\"text-align: justify;\">Afin de <strong>permettre aux voyageurs<\/strong> de <strong>r\u00e9aliser leurs trajets<\/strong> lors de ces<strong> interruptions de trafic,<\/strong> des<strong> bus relais seront mis en place. <\/strong>La <strong>fr\u00e9quence <\/strong>sera d\u2019<strong>un bus toutes les 15 minutes.<\/strong><\/p>\n<p style=\"text-align: justify;\"><strong>Le trafic sera \u00e9galement totalement interrompu les samedi 18 et dimanche 19 octobre, toute la journ\u00e9e.<\/strong> Des<strong> bus relais <\/strong>seront <strong>mis en place<\/strong> pendant <strong>toute la dur\u00e9e de cette interruption, <\/strong>\u00e0 raison d\u2019<strong>un bus toutes les 7 \u00e0 10 minutes en journ\u00e9e <\/strong>et <strong>toutes les 10 \u00e0 15 minutes en soir\u00e9e, <\/strong>sur la<strong> m\u00eame amplitude horaire que le m\u00e9tro.<\/strong><\/p>\n<p style=\"text-align: justify;\">Pour <strong>accompagner <\/strong>et <strong>guider les voyageurs, <\/strong>un <strong>dispositif d\u2019information<\/strong> sera <strong>d\u00e9ploy\u00e9 <\/strong>sur le <strong>r\u00e9seau il\u00e9via, <\/strong>via notamment les<strong> agents il\u00e9via sur le terrain, l\u2019affichage<\/strong> et les <strong>annonces sonores en station.<\/strong><\/p>\n<p class=\"has-text-align-right\">Source : Il\u00e9via \u2013 Photos : \u00a9 Archives Zoom Sur Lille<\/p>\n","protected":false},"excerpt":{"rendered":"Dans le cadre des op\u00e9rations li\u00e9es au doublement des rames de m\u00e9tro, le trafic sur la ligne 1&hellip;\n","protected":false},"author":2,"featured_media":72316,"comment_status":"","ping_status":"","sticky":false,"template":"","format":"standard","meta":{"footnotes":""},"categories":[2815],"tags":[17,1111,11,1777,674,1011,27,811,4288,22221,1307,4047,12,7518,25,395,2086],"class_list":{"0":"post-347826","1":"post","2":"type-post","3":"status-publish","4":"format-standard","5":"has-post-thumbnail","7":"category-lille","8":"tag-17","9":"tag-actu","10":"tag-actualites","11":"tag-eu","12":"tag-europe","13":"tag-fr","14":"tag-france","15":"tag-hauts-de-france","16":"tag-ilevia","17":"tag-ligne-1","18":"tag-lille","19":"tag-metro","20":"tag-news","21":"tag-octobre","22":"tag-republique-francaise","23":"tag-septembre","24":"tag-travaux"},"share_on_mastodon":{"url":"https:\/\/pubeurope.com\/@fr\/115101322793770992","error":""},"_links":{"self":[{"href":"https:\/\/www.europesays.com\/fr\/wp-json\/wp\/v2\/posts\/347826","targetHints":{"allow":["GET"]}}],"collection":[{"href":"https:\/\/www.europesays.com\/fr\/wp-json\/wp\/v2\/posts"}],"about":[{"href":"https:\/\/www.europesays.com\/fr\/wp-json\/wp\/v2\/types\/post"}],"author":[{"embeddable":true,"href":"https:\/\/www.europesays.com\/fr\/wp-json\/wp\/v2\/users\/2"}],"replies":[{"embeddable":true,"href":"https:\/\/www.europesays.com\/fr\/wp-json\/wp\/v2\/comments?post=347826"}],"version-history":[{"count":0,"href":"https:\/\/www.europesays.com\/fr\/wp-json\/wp\/v2\/posts\/347826\/revisions"}],"wp:featuredmedia":[{"embeddable":true,"href":"https:\/\/www.europesays.com\/fr\/wp-json\/wp\/v2\/media\/72316"}],"wp:attachment":[{"href":"https:\/\/www.europesays.com\/fr\/wp-json\/wp\/v2\/media?parent=347826"}],"wp:term":[{"taxonomy":"category","embeddable":true,"href":"https:\/\/www.europesays.com\/fr\/wp-json\/wp\/v2\/categories?post=347826"},{"taxonomy":"post_tag","embeddable":true,"href":"https:\/\/www.europesays.com\/fr\/wp-json\/wp\/v2\/tags?post=347826"}],"curies":[{"name":"wp","href":"https:\/\/api.w.org\/{rel}","templated":true}]}}