{"id":347827,"date":"2025-08-27T14:59:26","date_gmt":"2025-08-27T14:59:26","guid":{"rendered":"https:\/\/www.europesays.com\/fr\/347827\/"},"modified":"2025-08-27T14:59:26","modified_gmt":"2025-08-27T14:59:26","slug":"losc-lille-bat-son-record-historique-du-nombre-dabonnes","status":"publish","type":"post","link":"https:\/\/www.europesays.com\/fr\/347827\/","title":{"rendered":"LOSC. Lille bat son record historique du nombre d&rsquo;abonn\u00e9s"},"content":{"rendered":"<p><img fetchpriority=\"high\" decoding=\"async\" width=\"620\" height=\"413\" src=\"https:\/\/www.europesays.com\/fr\/wp-content\/uploads\/2025\/08\/LOSC-Lille-illustration-620x413.jpg\" alt=\"LOSC. Lille bat son record historique du nombre d'abonn\u00e9s\" class=\"wp-image-280165\"  \/>+78% d\u2019abonn\u00e9s en sept ans pour le LOSC.<\/p>\n<p>Le <a href=\"https:\/\/sportune.20minutes.fr\/losc-lille-losc\" target=\"_blank\" rel=\"noopener\">LOSC Lille<\/a> a r\u00e9cemment annonc\u00e9 franchir un cap symbolique alors que la saison 2025-2026 a d\u00e9but\u00e9. Le club nordiste a en effet enregistr\u00e9 32 000 abonn\u00e9s, \u00e9tablissant ainsi un nouveau record dans l\u2019histoire du club et de son enceinte actuelle, la Decathlon Arena Stade Pierre-Mauroy.<\/p>\n<p>Dans son communiqu\u00e9, le club rappelle que la saison 2024-2025 a d\u00e9j\u00e0 marqu\u00e9 les esprits avec 1 022 694 spectateurs accueillis lors des 26 rencontres \u00e0 domicile organis\u00e9es. La moyenne de fr\u00e9quentation au stade Pierre-Mauroy s\u2019est alors \u00e9lev\u00e9e \u00e0 43 010 spectateurs par match, constituant \u00e9galement un record pour l\u2019enceinte lilloise.<\/p>\n<p>Sur le podium des clubs qui comptent le plus d\u2019abonn\u00e9s ?<\/p>\n<p>Ces performances placent Lille dans le groupe restreint des quatre clubs de <a href=\"https:\/\/sportune.20minutes.fr\/ligue-1-l1\" target=\"_blank\" rel=\"noopener\">Ligue 1<\/a> ayant d\u00e9pass\u00e9 les 40 000 spectateurs de moyenne sur l\u2019ensemble de l\u2019exercice pr\u00e9c\u00e9dent. La campagne d\u2019abonnement 2025-2026, close le 31 juillet dernier, illustre la progression continue de la base de supporters lillois. <\/p>\n<p>Avec ses 32 000 abonn\u00e9s, le <a href=\"https:\/\/sportune.20minutes.fr\/losc-lille-losc\" target=\"_blank\" rel=\"noopener\">LOSC<\/a> affiche une hausse de 78% sur les sept derni\u00e8res saisons. Le club estime que cette performance devrait lui permettre de figurer dans le trio de t\u00eate des communaut\u00e9s d\u2019abonn\u00e9s de <a href=\"https:\/\/sportune.20minutes.fr\/ligue-1-l1\" target=\"_blank\" rel=\"noopener\">Ligue 1<\/a> pour la deuxi\u00e8me ann\u00e9e cons\u00e9cutive, tout en se positionnant parmi les bases de supporters les plus importantes du continent europ\u00e9en.<\/p>\n","protected":false},"excerpt":{"rendered":"+78% d\u2019abonn\u00e9s en sept ans pour le LOSC. Le LOSC Lille a r\u00e9cemment annonc\u00e9 franchir un cap symbolique&hellip;\n","protected":false},"author":2,"featured_media":314436,"comment_status":"","ping_status":"","sticky":false,"template":"","format":"standard","meta":{"footnotes":""},"categories":[2815],"tags":[1111,11,1777,674,1011,27,811,1307,2267,12,25],"class_list":{"0":"post-347827","1":"post","2":"type-post","3":"status-publish","4":"format-standard","5":"has-post-thumbnail","7":"category-lille","8":"tag-actu","9":"tag-actualites","10":"tag-eu","11":"tag-europe","12":"tag-fr","13":"tag-france","14":"tag-hauts-de-france","15":"tag-lille","16":"tag-losc","17":"tag-news","18":"tag-republique-francaise"},"share_on_mastodon":{"url":"https:\/\/pubeurope.com\/@fr\/115101326862618759","error":""},"_links":{"self":[{"href":"https:\/\/www.europesays.com\/fr\/wp-json\/wp\/v2\/posts\/347827","targetHints":{"allow":["GET"]}}],"collection":[{"href":"https:\/\/www.europesays.com\/fr\/wp-json\/wp\/v2\/posts"}],"about":[{"href":"https:\/\/www.europesays.com\/fr\/wp-json\/wp\/v2\/types\/post"}],"author":[{"embeddable":true,"href":"https:\/\/www.europesays.com\/fr\/wp-json\/wp\/v2\/users\/2"}],"replies":[{"embeddable":true,"href":"https:\/\/www.europesays.com\/fr\/wp-json\/wp\/v2\/comments?post=347827"}],"version-history":[{"count":0,"href":"https:\/\/www.europesays.com\/fr\/wp-json\/wp\/v2\/posts\/347827\/revisions"}],"wp:featuredmedia":[{"embeddable":true,"href":"https:\/\/www.europesays.com\/fr\/wp-json\/wp\/v2\/media\/314436"}],"wp:attachment":[{"href":"https:\/\/www.europesays.com\/fr\/wp-json\/wp\/v2\/media?parent=347827"}],"wp:term":[{"taxonomy":"category","embeddable":true,"href":"https:\/\/www.europesays.com\/fr\/wp-json\/wp\/v2\/categories?post=347827"},{"taxonomy":"post_tag","embeddable":true,"href":"https:\/\/www.europesays.com\/fr\/wp-json\/wp\/v2\/tags?post=347827"}],"curies":[{"name":"wp","href":"https:\/\/api.w.org\/{rel}","templated":true}]}}