{"id":347830,"date":"2025-08-27T15:01:13","date_gmt":"2025-08-27T15:01:13","guid":{"rendered":"https:\/\/www.europesays.com\/fr\/347830\/"},"modified":"2025-08-27T15:01:13","modified_gmt":"2025-08-27T15:01:13","slug":"alerte-meteo-a-marseille-de-violents-orages-et-de-la-grele-annonces-les-secteurs-touches","status":"publish","type":"post","link":"https:\/\/www.europesays.com\/fr\/347830\/","title":{"rendered":"Alerte M\u00e9t\u00e9o \u00e0 Marseille. De violents orages et de la gr\u00eale annonc\u00e9s : les secteurs touch\u00e9s"},"content":{"rendered":"<p>            Par<br \/>\n        <strong><br \/>\n            <a href=\"https:\/\/actu.fr\/auteur\/thomas-blanc\" title=\"Consulter tous les articles de Thomas Blanc\" target=\"_blank\" rel=\"noopener\">Thomas Blanc<\/a><br \/>\n        <\/strong><\/p>\n<p>        Publi\u00e9 le<\/p>\n<p>            27 ao\u00fbt 2025 \u00e0 16h24        <\/p>\n<p>La fin de ce mois d\u2019ao\u00fbt a d\u00e9j\u00e0 laiss\u00e9 une grande place \u00e0 la grisaille dans le ciel de <a href=\"https:\/\/actu.fr\/marseille\/\" target=\"_blank\" rel=\"noopener\">Marseille<\/a> avec quelques gouttes de pluie de temps \u00e0 autre. Mais le temps devrait vraiment tourner \u00e0 l\u2019<a href=\"https:\/\/actu.fr\/tag\/orages\" target=\"_blank\" rel=\"noopener\">orage<\/a> d\u00e8s cette nuit du jeudi 28\u00a0ao\u00fbt.<\/p>\n<p class=\" wall-content\"><a href=\"https:\/\/actu.fr\/tag\/meteo-france\" target=\"_blank\" rel=\"noopener\">M\u00e9t\u00e9o-France<\/a> a plac\u00e9 les <a href=\"https:\/\/actu.fr\/provence-alpes-cote-d-azur\/bouches-du-rhone_13\" target=\"_blank\" rel=\"noopener\">Bouches-du-Rh\u00f4ne<\/a> en <strong>vigilance<\/strong> orange aux \u00ab\u2009orages\u2009\u00bb et au risque de \u00ab\u2009pluie-<a href=\"https:\/\/actu.fr\/tag\/inondations\" target=\"_blank\" rel=\"noopener\">inondations<\/a>\u2009\u00bb jusqu\u2019\u00e0 la mi-journ\u00e9e.<\/p>\n<p>Pour la nuit et d\u00e9but de journ\u00e9e jeudi<\/p>\n<p class=\" wall-content\">L\u2019\u00e9t\u00e9 semble d\u00e9finitivement fini \u00e0 Marseille. M\u00e9t\u00e9o-France annonce \u00ab\u2009une <strong>d\u00e9gradation pluvio-orageuse<\/strong>\u2009\u00bb qui \u00ab\u2009se met en place sur notre r\u00e9gion en soir\u00e9e.\u2009\u00bb Tout en pr\u00e9cisant qu\u2019elle ne sera pas anodine et qu\u2019elle arrivera avec \u00ab\u2009des intensit\u00e9s pluvieuses soutenues majoritairement, jusqu\u2019en seconde partie de nuit de mercredi \u00e0 jeudi.\u2009\u00bb<\/p>\n<p class=\" wall-content\">La vigilance jaune sera activ\u00e9e entre minuit et 4h du matin et de 12h \u00e0 15h et l\u2019alerte passera \u00e0 l\u2019orange de 4h \u00e0 midi, au plus fort de l\u2019\u00e9pisode.<\/p>\n<p>    <a href=\"https:\/\/www.facebook.com\/plugins\/post.php?href=https%3A%2F%2Fwww.facebook.com%2FMeteoFrance%2Fposts%2Fpfbid02swKJdeQFA71aZAKDod185JrxYQdniBz1LRtKGQTu4X7QJfnZ9WDsC9WECsid5Ntcl&amp;show_text=true&amp;width=350\" title=\"Ouvrie le lien\" target=\"_blank\" rel=\"noopener\">Cliquez ici pour visualiser le contenu<\/a><\/p>\n<p class=\" wall-content\">Le service officiel de la m\u00e9t\u00e9orologie et de la climatologie \u00e9crit que \u00ab\u2009la d\u00e9gradation orageuse pr\u00e9sente en cours de soir\u00e9e, puis de nuit, sur le Languedoc-Roussillon se d\u00e9cale sur la r\u00e9gion Provence-Alpes-C\u00f4te d\u2019Azur d\u00e8s le milieu de nuit. De <strong>fortes intensit\u00e9s pluvieuses<\/strong> sont possibles sur des zones urbaines en d\u00e9but de journ\u00e9e de jeudi.\u2009\u00bb<\/p>\n<p>Des perturbations potentiellement porteuses de gr\u00eale<\/p>\n<p class=\" wall-content\">Paul Marquis, expert m\u00e9t\u00e9orologue local et <a href=\"https:\/\/actu.fr\/provence-alpes-cote-d-azur\/marseille_13055\/marseille-paul-marquis-lance-l-application-previ-la-meteo-rythme-le-quotidien-des-gens_61931443.html\" target=\"_blank\" rel=\"noopener\">fondateur de l\u2019application Pr\u00e9vi +<\/a>\u00a0annonce sur sa page Facebook que \u00ab\u2009la nuit prochaine [celle de mercredi \u00e0 jeudi], il faudra \u00eatre prudent avec le passage d\u2019orages localement forts dans notre d\u00e9partement\u2009\u00bb et ajoute qu\u2019ils pourront \u00ab\u2009\u00eatre <strong>porteurs de gr\u00eale<\/strong> [dans des mesures sup\u00e9rieures] \u00e0 1cm <strong>\u00e0 l\u2019est du 13<\/strong> notamment en fin de nuit.\u2009\u00bb<\/p>\n<p>Votre r\u00e9gion, votre actu !<\/p>\n<p>Recevez chaque jour les infos qui comptent pour vous.<\/p>\n<p>\t<a href=\"https:\/\/actu.fr\/newsletter\" class=\"ac-btn ac-btn--corner ac-btn--medium ac-btn--blue800\" target=\"_blank\" rel=\"noopener\">S&rsquo;incrire<\/a><\/p>\n<p>    <a href=\"https:\/\/www.facebook.com\/plugins\/post.php?href=https%3A%2F%2Fwww.facebook.com%2Flameteodu13%2Fposts%2Fpfbid02Ayzn4rZCxk7sZScGybvdfw6nFypdGzrpYHBAkAiEeuFn1E3Nx4XZnEE56z4ZRVuXl&amp;show_text=true&amp;width=350\" title=\"Ouvrie le lien\" target=\"_blank\" rel=\"noopener\">Cliquez ici pour visualiser le contenu<\/a><\/p>\n<p class=\" wall-content\">\u00ab\u2009Tout le monde ne sera pas touch\u00e9 de la m\u00eame mani\u00e8re, mais <strong>le risque sera bien pr\u00e9sent<\/strong> en toute zone\u2009\u00bb conclut-il.<\/p>\n<p class=\" wall-content\">Personnalisez votre actualit\u00e9 en ajoutant vos villes et m\u00e9dias en favori avec <a href=\"https:\/\/moncompte.actu.fr\" title=\"D\u00e9couvez Mon Actu\" rel=\"nofollow noopener\" data-trk=\"{&quot;cta&quot;:{&quot;action&quot;:&quot;https:\\\/\\\/moncompte.actu.fr&quot;,&quot;category&quot;:&quot;mon compte&quot;,&quot;from&quot;:&quot;article footer&quot;,&quot;name&quot;:&quot;Mon actu&quot;,&quot;type&quot;:&quot;cta&quot;}}\" target=\"_blank\">Mon Actu<\/a>.<\/p>\n","protected":false},"excerpt":{"rendered":"Par Thomas Blanc Publi\u00e9 le 27 ao\u00fbt 2025 \u00e0 16h24 La fin de ce mois d\u2019ao\u00fbt a d\u00e9j\u00e0&hellip;\n","protected":false},"author":2,"featured_media":347831,"comment_status":"","ping_status":"","sticky":false,"template":"","format":"standard","meta":{"footnotes":""},"categories":[2814],"tags":[1111,11,1777,674,1011,27,2839,884,2487,2357,12,4594,882,25],"class_list":{"0":"post-347830","1":"post","2":"type-post","3":"status-publish","4":"format-standard","5":"has-post-thumbnail","7":"category-marseille","8":"tag-actu","9":"tag-actualites","10":"tag-eu","11":"tag-europe","12":"tag-fr","13":"tag-france","14":"tag-inondations","15":"tag-marseille","16":"tag-meteo","17":"tag-meteo-france","18":"tag-news","19":"tag-orages","20":"tag-provence-alpes-cote-dazur","21":"tag-republique-francaise"},"share_on_mastodon":{"url":"https:\/\/pubeurope.com\/@fr\/115101334528039367","error":""},"_links":{"self":[{"href":"https:\/\/www.europesays.com\/fr\/wp-json\/wp\/v2\/posts\/347830","targetHints":{"allow":["GET"]}}],"collection":[{"href":"https:\/\/www.europesays.com\/fr\/wp-json\/wp\/v2\/posts"}],"about":[{"href":"https:\/\/www.europesays.com\/fr\/wp-json\/wp\/v2\/types\/post"}],"author":[{"embeddable":true,"href":"https:\/\/www.europesays.com\/fr\/wp-json\/wp\/v2\/users\/2"}],"replies":[{"embeddable":true,"href":"https:\/\/www.europesays.com\/fr\/wp-json\/wp\/v2\/comments?post=347830"}],"version-history":[{"count":0,"href":"https:\/\/www.europesays.com\/fr\/wp-json\/wp\/v2\/posts\/347830\/revisions"}],"wp:featuredmedia":[{"embeddable":true,"href":"https:\/\/www.europesays.com\/fr\/wp-json\/wp\/v2\/media\/347831"}],"wp:attachment":[{"href":"https:\/\/www.europesays.com\/fr\/wp-json\/wp\/v2\/media?parent=347830"}],"wp:term":[{"taxonomy":"category","embeddable":true,"href":"https:\/\/www.europesays.com\/fr\/wp-json\/wp\/v2\/categories?post=347830"},{"taxonomy":"post_tag","embeddable":true,"href":"https:\/\/www.europesays.com\/fr\/wp-json\/wp\/v2\/tags?post=347830"}],"curies":[{"name":"wp","href":"https:\/\/api.w.org\/{rel}","templated":true}]}}