{"id":347832,"date":"2025-08-27T15:02:13","date_gmt":"2025-08-27T15:02:13","guid":{"rendered":"https:\/\/www.europesays.com\/fr\/347832\/"},"modified":"2025-08-27T15:02:13","modified_gmt":"2025-08-27T15:02:13","slug":"lyon-ce-parking-de-la-presquile-en-travaux-devait-rouvrir-bientot-la-date-repoussee","status":"publish","type":"post","link":"https:\/\/www.europesays.com\/fr\/347832\/","title":{"rendered":"Lyon. Ce parking de la Presqu&rsquo;\u00eele en travaux devait rouvrir bient\u00f4t : la date repouss\u00e9e"},"content":{"rendered":"<p>            Par<br \/>\n        <strong><br \/>\n            <a href=\"https:\/\/actu.fr\/auteur\/theo-zuili\" title=\"Consulter tous les articles de Th\u00e9o Zuili\" target=\"_blank\" rel=\"noopener\">Th\u00e9o Zuili<\/a><br \/>\n        <\/strong><\/p>\n<p>        Publi\u00e9 le<\/p>\n<p>            27 ao\u00fbt 2025 \u00e0 15h49        <\/p>\n<p>Le parking des <a href=\"https:\/\/actu.fr\/tag\/place-des-terreaux\" target=\"_blank\" rel=\"noopener\">Terreaux<\/a> de 935 places dans le 1\u1d49\u02b3 arrondissement de <a href=\"https:\/\/actu.fr\/auvergne-rhone-alpes\/lyon_69123\" target=\"_blank\" rel=\"noopener\">Lyon<\/a> est en travaux depuis le mois d\u2019avril 2025. Les usagers <strong>devront garder leur mal en patience<\/strong> : cet espace de stationnement souterrain au c\u0153ur de la <a href=\"https:\/\/actu.fr\/tag\/presqu-ile\" target=\"_blank\" rel=\"noopener\">Presqu\u2019\u00eele<\/a> de Lyon devait rouvrir le 2 septembre, mais la date est finalement repouss\u00e9e, apprend actu Lyon ce mercredi 27 ao\u00fbt.<\/p>\n<p>Patienter encore un mois<\/p>\n<p class=\" wall-content\">Un <a href=\"https:\/\/actu.fr\/auvergne-rhone-alpes\/lyon_69123\/lyon-pres-de-1000-places-en-moins-en-presqu-ile-ce-parking-va-fermer-voici-combien-de-temps_62510051.html\" target=\"_blank\" rel=\"noopener\">important chantier de r\u00e9novation<\/a> oblige LPA Mobilit\u00e9s \u00e0 garder ferm\u00e9 l\u2019un de ses parkings les plus fr\u00e9quent\u00e9s. Moyens de s\u00e9curit\u00e9 modernes, bornes de recharge \u00e9lectrique et <strong>\u00e9quipements remis \u00e0 neuf<\/strong> sont au programme, mais les travaux ont pris du retard cet \u00e9t\u00e9.<\/p>\n<p>    <a href=\"https:\/\/www.google.com\/maps\/embed?pb=!1m18!1m12!1m3!1d5566.3674608559195!2d4.829480576928762!3d45.7675080131494!2m3!1f0!2f0!3f0!3m2!1i1024!2i768!4f13.1!3m3!1m2!1s0x47f4eafe5d85e5f9%3A0xe20949b5ed6e5b59!2sParking%20LPA%20-%20Terreaux!5e0!3m2!1sfr!2sfr!4v1756302053385!5m2!1sfr!2sfr\" title=\"Ouvrie le lien\" target=\"_blank\" rel=\"noopener\">Cliquez ici pour visualiser le contenu<\/a><\/p>\n<p class=\" wall-content\">\u00ab\u00a0Malgr\u00e9 tous nos efforts, nous ne serons pas en mesure d\u2019accueillir tous les abonn\u00e9s dans le parc \u00e0 la date initialement pr\u00e9vue puisque <strong>seuls certains niveaux<\/strong> seront ouverts\u00a0\u00bb, indique LPA Mobilit\u00e9s dans un courrier envoy\u00e9 aux usagers.<\/p>\n<p class=\" wall-content\">Les usagers concern\u00e9s devront continuer de se diriger vers les parkings de remplacement (Saint-Antoine, Cordeliers, R\u00e9publique, Bourse, Fosse aux ours, Grol\u00e9e\u2026). La r\u00e9ouverture compl\u00e8te est repouss\u00e9e \u00e0 \u00ab\u00a0la <strong>premi\u00e8re quinzaine d\u2019octobre<\/strong> 2025\u2033.<\/p>\n<p class=\" wall-content\">Une date pr\u00e9cise sera annonc\u00e9e par LPA dans les prochaines semaines.<\/p>\n<p class=\" wall-content\">Personnalisez votre actualit\u00e9 en ajoutant vos villes et m\u00e9dias en favori avec <a href=\"https:\/\/moncompte.actu.fr\" title=\"D\u00e9couvez Mon Actu\" rel=\"nofollow noopener\" data-trk=\"{&quot;cta&quot;:{&quot;action&quot;:&quot;https:\\\/\\\/moncompte.actu.fr&quot;,&quot;category&quot;:&quot;mon compte&quot;,&quot;from&quot;:&quot;article footer&quot;,&quot;name&quot;:&quot;Mon actu&quot;,&quot;type&quot;:&quot;cta&quot;}}\" target=\"_blank\">Mon Actu<\/a>.<\/p>\n","protected":false},"excerpt":{"rendered":"Par Th\u00e9o Zuili Publi\u00e9 le 27 ao\u00fbt 2025 \u00e0 15h49 Le parking des Terreaux de 935 places dans&hellip;\n","protected":false},"author":2,"featured_media":347833,"comment_status":"","ping_status":"","sticky":false,"template":"","format":"standard","meta":{"footnotes":""},"categories":[1889],"tags":[1111,11,646,2430,1777,674,118,1011,27,2428,12,24442,25,6173],"class_list":{"0":"post-347832","1":"post","2":"type-post","3":"status-publish","4":"format-standard","5":"has-post-thumbnail","7":"category-lyon","8":"tag-actu","9":"tag-actualites","10":"tag-automobile","11":"tag-auvergne-rhone-alpes","12":"tag-eu","13":"tag-europe","14":"tag-faits-divers","15":"tag-fr","16":"tag-france","17":"tag-lyon","18":"tag-news","19":"tag-place-des-terreaux","20":"tag-republique-francaise","21":"tag-stationnement"},"share_on_mastodon":{"url":"https:\/\/pubeurope.com\/@fr\/115101338508115596","error":""},"_links":{"self":[{"href":"https:\/\/www.europesays.com\/fr\/wp-json\/wp\/v2\/posts\/347832","targetHints":{"allow":["GET"]}}],"collection":[{"href":"https:\/\/www.europesays.com\/fr\/wp-json\/wp\/v2\/posts"}],"about":[{"href":"https:\/\/www.europesays.com\/fr\/wp-json\/wp\/v2\/types\/post"}],"author":[{"embeddable":true,"href":"https:\/\/www.europesays.com\/fr\/wp-json\/wp\/v2\/users\/2"}],"replies":[{"embeddable":true,"href":"https:\/\/www.europesays.com\/fr\/wp-json\/wp\/v2\/comments?post=347832"}],"version-history":[{"count":0,"href":"https:\/\/www.europesays.com\/fr\/wp-json\/wp\/v2\/posts\/347832\/revisions"}],"wp:featuredmedia":[{"embeddable":true,"href":"https:\/\/www.europesays.com\/fr\/wp-json\/wp\/v2\/media\/347833"}],"wp:attachment":[{"href":"https:\/\/www.europesays.com\/fr\/wp-json\/wp\/v2\/media?parent=347832"}],"wp:term":[{"taxonomy":"category","embeddable":true,"href":"https:\/\/www.europesays.com\/fr\/wp-json\/wp\/v2\/categories?post=347832"},{"taxonomy":"post_tag","embeddable":true,"href":"https:\/\/www.europesays.com\/fr\/wp-json\/wp\/v2\/tags?post=347832"}],"curies":[{"name":"wp","href":"https:\/\/api.w.org\/{rel}","templated":true}]}}