{"id":347834,"date":"2025-08-27T15:03:11","date_gmt":"2025-08-27T15:03:11","guid":{"rendered":"https:\/\/www.europesays.com\/fr\/347834\/"},"modified":"2025-08-27T15:03:11","modified_gmt":"2025-08-27T15:03:11","slug":"le-rendez-vous-cle-pour-la-ville","status":"publish","type":"post","link":"https:\/\/www.europesays.com\/fr\/347834\/","title":{"rendered":"le rendez-vous cl\u00e9 pour la ville"},"content":{"rendered":"<p>                                                        <img loading=\"lazy\" decoding=\"async\" width=\"660\" height=\"416\" src=\"data:image\/svg+xml,%3Csvg%20xmlns=\" http:=\"\" class=\"thumb img-responsive m-x-auto block w-full\" alt=\"Les \u00e9lections municipales de Lyon : un rendez-vous incontournable pour la ville\" caption=\"\" data-lazy-src=\"https:\/\/www.europesays.com\/fr\/wp-content\/uploads\/2025\/08\/greg-doucet.jpg\"\/><\/p>\n<p class=\"ez-toc-title ez-toc-toggle\" style=\"cursor: pointer\">Sommaire &amp; acc\u00e8s rapide<\/p>\n<p><a href=\"#\" class=\"ez-toc-pull-right ez-toc-btn ez-toc-btn-xs ez-toc-btn-default ez-toc-toggle\" aria-label=\"Toggle Table of Content\">Toggle<\/a><\/p>\n<p><img fetchpriority=\"high\" decoding=\"async\" src=\"data:image\/svg+xml,%3Csvg%20xmlns=\" http:=\"\" alt=\"\" width=\"1024\" height=\"705\" class=\"wp-image-359823 size-full\" data-lazy- data-lazy- data-lazy-src=\"https:\/\/www.europesays.com\/fr\/wp-content\/uploads\/2025\/08\/photo-1024x705-1.webp.webp\"\/>Gr\u00e9gory Doucet au Club de la Presse de Lyon<\/p>\n<p>Vous pensiez que les \u00e9lections municipales de Lyon, c\u2019\u00e9tait juste un passage oblig\u00e9 pour renouveler la classe politique locale ? D\u00e9trompez-vous. Ces scrutins, pr\u00e9vus pour mars 2026, s\u2019annoncent comme un v\u00e9ritable tournant pour la Capitale des Gaules. Non seulement parce qu\u2019ils marqueront la fin d\u2019un mode de scrutin vieux de plus de 40 ans, mais aussi parce qu\u2019ils vont bouleverser la mani\u00e8re dont la ville choisit ses leaders. Alors, pr\u00eat \u00e0 comprendre ce qui se joue vraiment dans cette \u00e9lection cruciale ?<\/p>\n<p>Une date phare pour la d\u00e9mocratie locale : 15 et 22 mars 2026<\/p>\n<p>Les \u00e9l\u00e9ctions municipales de Lyon seront organis\u00e9es sur deux dates, le 15 et le 22 mars 2026, comme dans toute la France. C\u2019est une \u00e9tape essentielle pour d\u00e9finir qui dirigera la ville durant les prochaines ann\u00e9es. La premi\u00e8re journ\u00e9e verra la majorit\u00e9 des votes, mais si aucun candidat ne d\u00e9croche la majorit\u00e9 absolue, un second tour sera n\u00e9cessaire. La particularit\u00e9 de ce scrutin r\u00e9side dans l\u2019impact que ces \u00e9lections auront sur la gouvernance locale, notamment dans un contexte o\u00f9 la confiance dans les institutions est parfois mise \u00e0 mal.<\/p>\n<p>Une r\u00e9forme majeure : fin du mode de scrutin des ann\u00e9es 80<\/p>\n<p>Ce qui rend cette \u00e9lection particuli\u00e8rement int\u00e9ressante, c\u2019est la r\u00e9forme du mode de scrutin appliqu\u00e9e \u00e0 Lyon, Paris et Marseille. Jusqu\u2019\u00e0 pr\u00e9sent, le syst\u00e8me, instaur\u00e9 en 1982 par la loi PLM, permettait aux \u00e9lecteurs de voter dans chaque arrondissement ou secteur pour une liste de conseillers. Ceux qui \u00e9taient \u00e9lus si\u00e9geaient simultan\u00e9ment au conseil d\u2019arrondissement et au conseil municipal central. Une double casquette qui, soyons honn\u00eates, avait tendance \u00e0 brouiller la lisibilit\u00e9 de la repr\u00e9sentation locale. Mais tout cela va changer. La nouvelle r\u00e9forme, vot\u00e9e d\u00e9but juillet par le Parlement, pr\u00e9voit un mode de double \u00e9lection : deux urnes, deux votes. La premi\u00e8re concerne l\u2019\u00e9lection des conseillers municipaux, qui \u00e9liront \u00e0 leur tour le maire. La seconde, r\u00e9serv\u00e9e \u00e0 l\u2019\u00e9lection des conseillers d\u2019arrondissement ou de secteur. Fini de voter dans un seul secteur pour une liste unique, place \u00e0 une organisation plus claire, plus pr\u00e9cise, mais aussi plus complexe. La fin du syst\u00e8me de la loi PLM marque une \u00e9tape importante dans la d\u00e9mocratie locale lyonnaise.<\/p>\n<p>L\u2019impact de la r\u00e9forme sur la vie politique lyonnaise<\/p>\n<p>Ce changement ne se limite pas \u00e0 un simple ajustement technique. Il modifie en profondeur la fa\u00e7on dont les Lyonnais \u00e9lisent leurs repr\u00e9sentants. En doublant le nombre de votes, la transparence devrait s\u2019am\u00e9liorer, avec une meilleure repr\u00e9sentation des quartiers dans les d\u00e9cisions municipales. Cependant, certains craignent que cette complexification n\u2019alourdisse le processus ou n\u2019\u00e9loigne l\u2019\u00e9lecteur lambda. Autre point essentiel : la mise en place d\u2019un scrutin plus proportionnel, qui pourrait favoriser l\u2019\u00e9mergence de nouvelles formations ou de candidatures ind\u00e9pendantes. La carte politique lyonnaise pourrait alors \u00e9voluer, avec une diversification des forces en pr\u00e9sence. La majorit\u00e9 sortante ne pourra plus se reposer sur des certitudes du pass\u00e9 : la partie est d\u00e9sormais ouverte.<\/p>\n<p>Que peuvent attendre les Lyonnais de ces \u00e9lections ?<\/p>\n<p>Les enjeux sont nombreux. La gestion de la crise climatique, la r\u00e9novation urbaine, la mobilit\u00e9 ou encore la coh\u00e9sion sociale seront au c\u0153ur des d\u00e9bats. La fa\u00e7on dont les candidats se positionneront sur ces sujets d\u00e9terminera non seulement leur succ\u00e8s, mais aussi l\u2019avenir de la ville. La participation demeure un d\u00e9fi : plus les \u00e9lecteurs se mobilisent, plus la l\u00e9gitimit\u00e9 du futur conseil municipal sera forte. Il faut aussi souligner que ces \u00e9lections sont une occasion pour les citoyens de peser sur des dossiers locaux cruciaux, comme la politique de logement ou la pr\u00e9servation des espaces verts. La nouvelle configuration des votes pourrait aussi encourager une participation plus engag\u00e9e et plus inform\u00e9e.<\/p>\n<p>Les enjeux pour le futur de Lyon : une ville \u00e0 la crois\u00e9e des chemins<\/p>\n<p>Lyon, qui a longtemps \u00e9t\u00e9 une vitrine industrielle et culturelle, doit aujourd\u2019hui relever des d\u00e9fis majeurs. La transition \u00e9cologique, l\u2019innovation technologique, l\u2019attractivit\u00e9 \u00e9conomique\u2026 autant de sujets qui seront abord\u00e9s lors de cette \u00e9ch\u00e9ance \u00e9lectorale. Les choix qui seront faits auront un impact direct sur la mani\u00e8re dont la ville pourra continuer \u00e0 \u00e9voluer dans un contexte mondial en mutation. Pour les observateurs et citoyens attentifs, ces \u00e9lections repr\u00e9sentent donc bien plus qu\u2019un simple renouvellement de la majorit\u00e9 municipale. Elles incarnent une opportunit\u00e9 de red\u00e9finir la gouvernance locale, d\u2019impliquer davantage la population et de faire de Lyon une ville encore plus r\u00e9siliente et innovante.<\/p>\n<p>Alors, \u00eates-vous pr\u00eats \u00e0 faire entendre votre voix lors de ces \u00e9l\u00e9ctions municipales de Lyon ? La d\u00e9mocratie locale ne se r\u00e9sume pas \u00e0 un vote tous les quatre ans. C\u2019est aussi un engagement quotidien, une responsabilit\u00e9 collective pour fa\u00e7onner la ville de demain.<\/p>\n<p>En compl\u00e9ment, je vous conseille de lire : <a href=\"https:\/\/www.lyon-entreprises.com\/actualites\/article\/beatrice-de-montille-lelegance-de-lengagement-le-courage-du-coeur-et-une-main-tendue-a-aulas\" rel=\"nofollow noopener\" target=\"_blank\">B\u00e9atrice de Montille : l\u2019\u00e9l\u00e9gance de l\u2019engagement, le courage du c\u0153ur et une main tendue \u00e0 Aulas<\/a><\/p>\n<p>C\u2019\u00e9tait D\u00e9borah Guillotin, rejoignez-moi sur <a href=\"https:\/\/www.lyon-entreprises.com\/vip-le\" rel=\"nofollow noopener\" target=\"_blank\">la communaut\u00e9 LE<\/a><\/p>\n","protected":false},"excerpt":{"rendered":"Sommaire &amp; acc\u00e8s rapide Toggle Gr\u00e9gory Doucet au Club de la Presse de Lyon Vous pensiez que les&hellip;\n","protected":false},"author":2,"featured_media":347835,"comment_status":"","ping_status":"","sticky":false,"template":"","format":"standard","meta":{"footnotes":""},"categories":[1889],"tags":[1111,11,2430,1777,674,1011,27,2428,12,25],"class_list":{"0":"post-347834","1":"post","2":"type-post","3":"status-publish","4":"format-standard","5":"has-post-thumbnail","7":"category-lyon","8":"tag-actu","9":"tag-actualites","10":"tag-auvergne-rhone-alpes","11":"tag-eu","12":"tag-europe","13":"tag-fr","14":"tag-france","15":"tag-lyon","16":"tag-news","17":"tag-republique-francaise"},"share_on_mastodon":{"url":"https:\/\/pubeurope.com\/@fr\/115101342320888762","error":""},"_links":{"self":[{"href":"https:\/\/www.europesays.com\/fr\/wp-json\/wp\/v2\/posts\/347834","targetHints":{"allow":["GET"]}}],"collection":[{"href":"https:\/\/www.europesays.com\/fr\/wp-json\/wp\/v2\/posts"}],"about":[{"href":"https:\/\/www.europesays.com\/fr\/wp-json\/wp\/v2\/types\/post"}],"author":[{"embeddable":true,"href":"https:\/\/www.europesays.com\/fr\/wp-json\/wp\/v2\/users\/2"}],"replies":[{"embeddable":true,"href":"https:\/\/www.europesays.com\/fr\/wp-json\/wp\/v2\/comments?post=347834"}],"version-history":[{"count":0,"href":"https:\/\/www.europesays.com\/fr\/wp-json\/wp\/v2\/posts\/347834\/revisions"}],"wp:featuredmedia":[{"embeddable":true,"href":"https:\/\/www.europesays.com\/fr\/wp-json\/wp\/v2\/media\/347835"}],"wp:attachment":[{"href":"https:\/\/www.europesays.com\/fr\/wp-json\/wp\/v2\/media?parent=347834"}],"wp:term":[{"taxonomy":"category","embeddable":true,"href":"https:\/\/www.europesays.com\/fr\/wp-json\/wp\/v2\/categories?post=347834"},{"taxonomy":"post_tag","embeddable":true,"href":"https:\/\/www.europesays.com\/fr\/wp-json\/wp\/v2\/tags?post=347834"}],"curies":[{"name":"wp","href":"https:\/\/api.w.org\/{rel}","templated":true}]}}