{"id":347844,"date":"2025-08-27T15:09:15","date_gmt":"2025-08-27T15:09:15","guid":{"rendered":"https:\/\/www.europesays.com\/fr\/347844\/"},"modified":"2025-08-27T15:09:15","modified_gmt":"2025-08-27T15:09:15","slug":"dati-accepte-de-ceder-sa-place-a-barnier-contre-une-candidature-a-la-mairie-liberation","status":"publish","type":"post","link":"https:\/\/www.europesays.com\/fr\/347844\/","title":{"rendered":"Dati accepte de c\u00e9der sa place \u00e0 Barnier contre une candidature \u00e0 la mairie \u2013 Lib\u00e9ration"},"content":{"rendered":"<p class=\"sc-ksZaOG ehjQrN text-element\">On devait voir deux figures du parti Les R\u00e9publicains s\u2019affronter les 21 et 28 septembre. Mais l\u2019\u00e9lection l\u00e9gislative partielle de la deuxi\u00e8me circonscription de Paris sera finalement la chasse gard\u00e9e de Michel Barnier, selon les informations de Lib\u00e9 confirmant celles du magazine <a href=\"https:\/\/www.lepoint.fr\/politique\/info-le-point-legislative-partielle-a-paris-vers-la-fin-du-conflit-entre-rachida-dati-et-michel-barnier-27-08-2025-2597090_20.php#11\" target=\"_blank\" rel=\"noreferrer noopener\" title=\"https:\/\/www.lepoint.fr\/politique\/info-le-point-legislative-partielle-a-paris-vers-la-fin-du-conflit-entre-rachida-dati-et-michel-barnier-27-08-2025-2597090_20.php#11\">le Point<\/a>. L\u2019ancien Premier ministre et l\u2019actuelle ministre de la Culture Rachida Dati auraient trouv\u00e9 un accord qui \u00abpourrait \u00eatre ent\u00e9rin\u00e9\u00bb jeudi 28 ao\u00fbt, lors d\u2019une r\u00e9union exceptionnelle de la commission nationale d\u2019investiture du parti de droite.<\/p>\n<p class=\"sc-ksZaOG ehjQrN text-element\">En \u00e9change de son retrait, Rachida Dati se verrait libre de composer sa liste pour les \u00e9lections municipales de 2026, tout en \u00e9tant soutenue par Les R\u00e9publicains. Ces derniers temps, le ton \u00e9tait mont\u00e9 entre les deux historiques de LR : la maire du VIIe arrondissement avait affirm\u00e9 qu\u2019elle serait candidate <a href=\"https:\/\/www.liberation.fr\/politique\/elections\/rachida-dati-candidate-quoi-quil-arrive-a-la-legislative-partielle-a-paris-20250728_ZDS6ZGW5T5BKZJ622XCQN7JJAA\/\" target=\"_blank\" rel=\"noopener\" title=\"https:\/\/www.liberation.fr\/politique\/elections\/rachida-dati-candidate-quoi-quil-arrive-a-la-legislative-partielle-a-paris-20250728_ZDS6ZGW5T5BKZJ622XCQN7JJAA\/\">\u00abquoi qu\u2019il arrive\u00bb<\/a>, accusant Barnier de se pr\u00e9senter dans la circonscription pour servir des \u00abambitions pr\u00e9sidentielles\u00bb. Ce dernier l\u2019avait invit\u00e9e <a href=\"https:\/\/www.liberation.fr\/politique\/legislatives-a-paris-michel-barnier-demande-a-rachida-dati-de-ne-pas-se-tromper-delection-20250803_VOAAHWTFK5AFNMGERZRYYFNJJA\/\" target=\"_blank\" rel=\"noopener\" title=\"https:\/\/www.liberation.fr\/politique\/legislatives-a-paris-michel-barnier-demande-a-rachida-dati-de-ne-pas-se-tromper-delection-20250803_VOAAHWTFK5AFNMGERZRYYFNJJA\/\">\u00e0 ne \u00abpas se tromper\u00bb d\u2019\u00e9lection<\/a>, estimant qu\u2019elle avait \u00abune ambition l\u00e9gitime\u00bb pour la mairie de Paris en 2026.<\/p>\n<p class=\"sc-ksZaOG ehjQrN text-element\"><b>Plus d\u2019informations \u00e0 venir\u2026<\/b><\/p>\n","protected":false},"excerpt":{"rendered":"On devait voir deux figures du parti Les R\u00e9publicains s\u2019affronter les 21 et 28 septembre. Mais l\u2019\u00e9lection l\u00e9gislative&hellip;\n","protected":false},"author":2,"featured_media":347845,"comment_status":"","ping_status":"","sticky":false,"template":"","format":"standard","meta":{"footnotes":""},"categories":[1888],"tags":[11,1777,674,1011,27,27636,5945,12,626,417,25],"class_list":{"0":"post-347844","1":"post","2":"type-post","3":"status-publish","4":"format-standard","5":"has-post-thumbnail","7":"category-paris","8":"tag-actualites","9":"tag-eu","10":"tag-europe","11":"tag-fr","12":"tag-france","13":"tag-michel-barnier","14":"tag-municipales-elections","15":"tag-news","16":"tag-paris","17":"tag-rachida-dati","18":"tag-republique-francaise"},"share_on_mastodon":{"url":"https:\/\/pubeurope.com\/@fr\/115101365975151990","error":""},"_links":{"self":[{"href":"https:\/\/www.europesays.com\/fr\/wp-json\/wp\/v2\/posts\/347844","targetHints":{"allow":["GET"]}}],"collection":[{"href":"https:\/\/www.europesays.com\/fr\/wp-json\/wp\/v2\/posts"}],"about":[{"href":"https:\/\/www.europesays.com\/fr\/wp-json\/wp\/v2\/types\/post"}],"author":[{"embeddable":true,"href":"https:\/\/www.europesays.com\/fr\/wp-json\/wp\/v2\/users\/2"}],"replies":[{"embeddable":true,"href":"https:\/\/www.europesays.com\/fr\/wp-json\/wp\/v2\/comments?post=347844"}],"version-history":[{"count":0,"href":"https:\/\/www.europesays.com\/fr\/wp-json\/wp\/v2\/posts\/347844\/revisions"}],"wp:featuredmedia":[{"embeddable":true,"href":"https:\/\/www.europesays.com\/fr\/wp-json\/wp\/v2\/media\/347845"}],"wp:attachment":[{"href":"https:\/\/www.europesays.com\/fr\/wp-json\/wp\/v2\/media?parent=347844"}],"wp:term":[{"taxonomy":"category","embeddable":true,"href":"https:\/\/www.europesays.com\/fr\/wp-json\/wp\/v2\/categories?post=347844"},{"taxonomy":"post_tag","embeddable":true,"href":"https:\/\/www.europesays.com\/fr\/wp-json\/wp\/v2\/tags?post=347844"}],"curies":[{"name":"wp","href":"https:\/\/api.w.org\/{rel}","templated":true}]}}