{"id":347848,"date":"2025-08-27T15:11:17","date_gmt":"2025-08-27T15:11:17","guid":{"rendered":"https:\/\/www.europesays.com\/fr\/347848\/"},"modified":"2025-08-27T15:11:17","modified_gmt":"2025-08-27T15:11:17","slug":"ukraine-palestine-ou-relations-avec-les-etats-unis","status":"publish","type":"post","link":"https:\/\/www.europesays.com\/fr\/347848\/","title":{"rendered":"Ukraine, Palestine ou relations avec les Etats-Unis"},"content":{"rendered":"<p>                         <img loading=\"lazy\" decoding=\"async\" src=\"https:\/\/www.europesays.com\/fr\/wp-content\/uploads\/2025\/08\/3bbac18_upload-1-2sivua9cbfub-000-69x46nq.jpg\" alt=\"Le pr\u00e9sident Emmanuel Macron lors de sa rencontre avec le pr\u00e9sident ukrainien \u00e0 la Maison Blanche, \u00e0 Washington, le 18\u00a0ao\u00fbt 2025.&#10;\"   width=\"664\" height=\"443\"\/>    Le pr\u00e9sident Emmanuel Macron lors de sa rencontre avec le pr\u00e9sident ukrainien \u00e0 la Maison Blanche, \u00e0 Washington, le 18\u00a0ao\u00fbt 2025.  AFP\/SERVICE DE PRESSE PR\u00c9SIDENTIEL UKRAINIEN                 <\/p>\n<p class=\"article__paragraph  \">Tandis que le pr\u00e9sident de la R\u00e9publique, Emmanuel Macron, se\u00a0veut aux avant-postes pour peser sur les deux principaux conflits du moment, l\u2019Ukraine et la guerre \u00e0 Gaza, les relations se crispent avec de vieux alli\u00e9s de la France, les Etats-Unis et l\u2019Italie. En cinq jours, le Quai d\u2019Orsay a convoqu\u00e9 coup sur coup les ambassadeurs de ces deux pays en guise de protestation contre la remise en question de projets port\u00e9s par le chef de l\u2019Etat, parfois contre l\u2019avis de ces partenaires de longue date, d\u00e9sormais dirig\u00e9s par des gouvernements aux\u00a0positions id\u00e9ologiques, voire g\u00e9opolitiques, souvent aux antipodes des siennes. Pour la diplomatie fran\u00e7aise, c\u2019est une rentr\u00e9e sous haute tension.<\/p>\n<p class=\"article__paragraph  \">Les frictions portent sur deux projets embl\u00e9matiques. D\u2019abord, la volont\u00e9 des autorit\u00e9s fran\u00e7aises <a href=\"https:\/\/www.lemonde.fr\/international\/article\/2025\/07\/25\/emmanuel-macron-se-resout-a-reconnaitre-l-etat-de-palestine-devant-l-impasse-diplomatique-et-le-desastre-humanitaire-a-gaza_6623627_3210.html\" rel=\"nofollow noopener\" target=\"_blank\">de reconna\u00eetre, contre l\u2019avis d\u2019Isra\u00ebl et de Washington, l\u2019Etat de Palestine<\/a> lors de la prochaine Assembl\u00e9e g\u00e9n\u00e9rale des Nations unies, en septembre, \u00e0 New York. Lundi 25\u00a0ao\u00fbt dans l\u2019apr\u00e8s-midi, l\u2019ambassadeur des Etats-Unis \u00e0 Paris, Charles Kushner, auteur la veille d\u2019un courrier accusant cette initiative de nourrir la mont\u00e9e de l\u2019antis\u00e9mitisme, s\u2019est fait repr\u00e9senter au Quai d\u2019Orsay par son charg\u00e9 d\u2019affaires. Ce dernier a \u00e9t\u00e9 re\u00e7u par deux hautes fonctionnaires.<\/p>\n<p class=\"reading-mode-only \"><strong>Il vous reste 82.81% de cet article \u00e0 lire. La suite est r\u00e9serv\u00e9e aux abonn\u00e9s.<\/strong><\/p>\n","protected":false},"excerpt":{"rendered":"Le pr\u00e9sident Emmanuel Macron lors de sa rencontre avec le pr\u00e9sident ukrainien \u00e0 la Maison Blanche, \u00e0 Washington,&hellip;\n","protected":false},"author":2,"featured_media":347849,"comment_status":"","ping_status":"","sticky":false,"template":"","format":"standard","meta":{"footnotes":""},"categories":[1590],"tags":[11,1777,674,12,220],"class_list":{"0":"post-347848","1":"post","2":"type-post","3":"status-publish","4":"format-standard","5":"has-post-thumbnail","7":"category-ukraine","8":"tag-actualites","9":"tag-eu","10":"tag-europe","11":"tag-news","12":"tag-ukraine"},"share_on_mastodon":{"url":"https:\/\/pubeurope.com\/@fr\/115101374103177053","error":""},"_links":{"self":[{"href":"https:\/\/www.europesays.com\/fr\/wp-json\/wp\/v2\/posts\/347848","targetHints":{"allow":["GET"]}}],"collection":[{"href":"https:\/\/www.europesays.com\/fr\/wp-json\/wp\/v2\/posts"}],"about":[{"href":"https:\/\/www.europesays.com\/fr\/wp-json\/wp\/v2\/types\/post"}],"author":[{"embeddable":true,"href":"https:\/\/www.europesays.com\/fr\/wp-json\/wp\/v2\/users\/2"}],"replies":[{"embeddable":true,"href":"https:\/\/www.europesays.com\/fr\/wp-json\/wp\/v2\/comments?post=347848"}],"version-history":[{"count":0,"href":"https:\/\/www.europesays.com\/fr\/wp-json\/wp\/v2\/posts\/347848\/revisions"}],"wp:featuredmedia":[{"embeddable":true,"href":"https:\/\/www.europesays.com\/fr\/wp-json\/wp\/v2\/media\/347849"}],"wp:attachment":[{"href":"https:\/\/www.europesays.com\/fr\/wp-json\/wp\/v2\/media?parent=347848"}],"wp:term":[{"taxonomy":"category","embeddable":true,"href":"https:\/\/www.europesays.com\/fr\/wp-json\/wp\/v2\/categories?post=347848"},{"taxonomy":"post_tag","embeddable":true,"href":"https:\/\/www.europesays.com\/fr\/wp-json\/wp\/v2\/tags?post=347848"}],"curies":[{"name":"wp","href":"https:\/\/api.w.org\/{rel}","templated":true}]}}